{"id":261073,"date":"2024-12-15T12:22:36","date_gmt":"2024-12-15T12:22:36","guid":{"rendered":"https:\/\/ami.mr\/fr\/?p=261073"},"modified":"2024-12-15T12:22:36","modified_gmt":"2024-12-15T12:22:36","slug":"le-ministre-delegue-charge-du-budget-se-rend-a-abidjan","status":"publish","type":"post","link":"https:\/\/ami.mr\/fr\/archives\/261073","title":{"rendered":"Le ministre d\u00e9l\u00e9gu\u00e9 charg\u00e9 du Budget se rend \u00e0 Abidjan"},"content":{"rendered":"<p>Le ministre d\u00e9l\u00e9gu\u00e9 aupr\u00e8s du ministre de l\u2019\u00e9conomie et des finances, charg\u00e9 du Budget, M. Codioro Moussa N\u2019Guenore, a quitt\u00e9, samedi soir, Nouakchott \u00e0 destination de la C\u00f4te d\u2019Ivoire.<\/p>\n<p>Le ministre d\u00e9l\u00e9gu\u00e9 va prendre part au 3\u00e8me forum \u00e9conomique public-priv\u00e9 Japon-Afrique qui se tient du 16 au 17 d\u00e9cembre courant dans la capitale ivoirienne, Abidjan.<\/p>\n","protected":false},"excerpt":{"rendered":"<p>Le ministre d\u00e9l\u00e9gu\u00e9 aupr\u00e8s du ministre de l\u2019\u00e9conomie et des finances, charg\u00e9 du Budget, M. Codioro Moussa N\u2019Guenore, a quitt\u00e9, samedi soir, Nouakchott \u00e0 destination de la C\u00f4te d\u2019Ivoire. Le ministre d\u00e9l\u00e9gu\u00e9 va prendre part au 3\u00e8me forum \u00e9conomique public-priv\u00e9 Japon-Afrique qui se tient du 16 au 17 d\u00e9cembre courant dans la capitale ivoirienne, Abidjan.<\/p>\n","protected":false},"author":16,"featured_media":261074,"comment_status":"open","ping_status":"open","sticky":false,"template":"","format":"standard","meta":{"footnotes":""},"categories":[63918,63957,63959],"tags":[],"class_list":["post-261073","post","type-post","status-publish","format-standard","has-post-thumbnail","hentry","category-autres","category-fil-dactualite","category-mauritanie"],"_links":{"self":[{"href":"https:\/\/ami.mr\/fr\/wp-json\/wp\/v2\/posts\/261073","targetHints":{"allow":["GET"]}}],"collection":[{"href":"https:\/\/ami.mr\/fr\/wp-json\/wp\/v2\/posts"}],"about":[{"href":"https:\/\/ami.mr\/fr\/wp-json\/wp\/v2\/types\/post"}],"author":[{"embeddable":true,"href":"https:\/\/ami.mr\/fr\/wp-json\/wp\/v2\/users\/16"}],"replies":[{"embeddable":true,"href":"https:\/\/ami.mr\/fr\/wp-json\/wp\/v2\/comments?post=261073"}],"version-history":[{"count":1,"href":"https:\/\/ami.mr\/fr\/wp-json\/wp\/v2\/posts\/261073\/revisions"}],"predecessor-version":[{"id":261075,"href":"https:\/\/ami.mr\/fr\/wp-json\/wp\/v2\/posts\/261073\/revisions\/261075"}],"wp:featuredmedia":[{"embeddable":true,"href":"https:\/\/ami.mr\/fr\/wp-json\/wp\/v2\/media\/261074"}],"wp:attachment":[{"href":"https:\/\/ami.mr\/fr\/wp-json\/wp\/v2\/media?parent=261073"}],"wp:term":[{"taxonomy":"category","embeddable":true,"href":"https:\/\/ami.mr\/fr\/wp-json\/wp\/v2\/categories?post=261073"},{"taxonomy":"post_tag","embeddable":true,"href":"https:\/\/ami.mr\/fr\/wp-json\/wp\/v2\/tags?post=261073"}],"curies":[{"name":"wp","href":"https:\/\/api.w.org\/{rel}","templated":true}]}}