{"id":260336,"date":"2024-12-05T19:13:03","date_gmt":"2024-12-05T19:13:03","guid":{"rendered":"https:\/\/ami.mr\/fr\/?p=260336"},"modified":"2024-12-05T19:13:03","modified_gmt":"2024-12-05T19:13:03","slug":"la-commission-des-finances-de-lassemblee-nationale-examine-le-budget-du-ministere-du-commerce-et-du-tourisme","status":"publish","type":"post","link":"https:\/\/ami.mr\/fr\/archives\/260336","title":{"rendered":"La Commission des Finances de l&#8217;Assembl\u00e9e Nationale examine le budget du minist\u00e8re du Commerce et du Tourisme"},"content":{"rendered":"<div class=\"cell auto-size\">\n<div class=\"set-border bd-gray padding10 margin10 no-margin-right no-margin-left \" dir=\"ltr\">\n<p>La commission des finances de l&#8217;Assembl\u00e9e nationale a consacr\u00e9 sa r\u00e9union de jeudi, pr\u00e9sid\u00e9e par le d\u00e9put\u00e9 Ali Mamadou Kane, pr\u00e9sident de la commission, \u00e0 l&#8217;examen du budget du minist\u00e8re du Commerce et du Tourisme dans le projet de loi de finances de l\u2019\u00c9tat pour l&#8217;ann\u00e9e 2025.<\/p>\n<p>La commission a suivi une pr\u00e9sentation de la ministre du Commerce et du Tourisme, Mme Zeinabou Ahmednah, qui a mis en exergue les postes budg\u00e9taires et les domaines de d\u00e9penses de son secteur.<\/p>\n<p>Le budget du minist\u00e8re du Commerce et du Tourisme s&#8217;\u00e9l\u00e8ve \u00e0 499.023.277 ouguiyas.<\/p>\n<\/div>\n<\/div>\n","protected":false},"excerpt":{"rendered":"<p>La commission des finances de l&#8217;Assembl\u00e9e nationale a consacr\u00e9 sa r\u00e9union de jeudi, pr\u00e9sid\u00e9e par le d\u00e9put\u00e9 Ali Mamadou Kane, pr\u00e9sident de la commission, \u00e0 l&#8217;examen du budget du minist\u00e8re du Commerce et du Tourisme dans le projet de loi de finances de l\u2019\u00c9tat pour l&#8217;ann\u00e9e 2025. La commission a suivi une pr\u00e9sentation de la [&hellip;]<\/p>\n","protected":false},"author":13,"featured_media":260340,"comment_status":"open","ping_status":"open","sticky":false,"template":"","format":"standard","meta":{"footnotes":""},"categories":[63920,63919,63957,63959,63927],"tags":[],"class_list":["post-260336","post","type-post","status-publish","format-standard","has-post-thumbnail","hentry","category-a-la-une","category-choix-du-redacteur","category-fil-dactualite","category-mauritanie","category-slider-mauritanie"],"_links":{"self":[{"href":"https:\/\/ami.mr\/fr\/wp-json\/wp\/v2\/posts\/260336","targetHints":{"allow":["GET"]}}],"collection":[{"href":"https:\/\/ami.mr\/fr\/wp-json\/wp\/v2\/posts"}],"about":[{"href":"https:\/\/ami.mr\/fr\/wp-json\/wp\/v2\/types\/post"}],"author":[{"embeddable":true,"href":"https:\/\/ami.mr\/fr\/wp-json\/wp\/v2\/users\/13"}],"replies":[{"embeddable":true,"href":"https:\/\/ami.mr\/fr\/wp-json\/wp\/v2\/comments?post=260336"}],"version-history":[{"count":1,"href":"https:\/\/ami.mr\/fr\/wp-json\/wp\/v2\/posts\/260336\/revisions"}],"predecessor-version":[{"id":260341,"href":"https:\/\/ami.mr\/fr\/wp-json\/wp\/v2\/posts\/260336\/revisions\/260341"}],"wp:featuredmedia":[{"embeddable":true,"href":"https:\/\/ami.mr\/fr\/wp-json\/wp\/v2\/media\/260340"}],"wp:attachment":[{"href":"https:\/\/ami.mr\/fr\/wp-json\/wp\/v2\/media?parent=260336"}],"wp:term":[{"taxonomy":"category","embeddable":true,"href":"https:\/\/ami.mr\/fr\/wp-json\/wp\/v2\/categories?post=260336"},{"taxonomy":"post_tag","embeddable":true,"href":"https:\/\/ami.mr\/fr\/wp-json\/wp\/v2\/tags?post=260336"}],"curies":[{"name":"wp","href":"https:\/\/api.w.org\/{rel}","templated":true}]}}