{"id":260327,"date":"2024-12-04T22:10:51","date_gmt":"2024-12-04T22:10:51","guid":{"rendered":"https:\/\/ami.mr\/fr\/?p=260327"},"modified":"2024-12-04T22:41:06","modified_gmt":"2024-12-04T22:41:06","slug":"le-president-de-la-republique-president-de-lunion-africaine-arrive-a-madrid-pour-participer-a-la-ceremonie-de-presentation-de-la-strategie-du-premier-ministre-espagnol-pour-lafrique","status":"publish","type":"post","link":"https:\/\/ami.mr\/fr\/archives\/260327","title":{"rendered":"Le Pr\u00e9sident de la R\u00e9publique, Pr\u00e9sident de l&#8217;Union africaine arrive \u00e0 Madrid pour participer \u00e0 la c\u00e9r\u00e9monie de pr\u00e9sentation de la nouvelle strat\u00e9gie Afrique du Premier ministre espagnol"},"content":{"rendered":"<p>le Pr\u00e9sident de la R\u00e9publique et Pr\u00e9sident de l&#8217;Union africaine, Mohamed Ould Cheikh El-Ghazouani, est arriv\u00e9, mercredi soir, dans la capitale espagnole, Madrid, pour participer \u00e0 la c\u00e9r\u00e9monie de pr\u00e9sentation de la nouvelle strat\u00e9gie Espagne-Afrique du Premier ministre espagnol.<\/p>\n<p>A son arriv\u00e9e \u00e0 l&#8217;a\u00e9roport de Madrid Barajas, S.E. le Pr\u00e9sident de la R\u00e9publique a \u00e9t\u00e9 accueilli par une d\u00e9l\u00e9gation de haut niveau du Minist\u00e8re espagnol des Affaires \u00e9trang\u00e8res, l&#8217;Ambassadrice de notre pays en Espagne, S.E. Mme Zeinebou Mint Ely Salem, et le personnel de notre mission diplomatique \u00e0 Madrid.<\/p>\n<p>S.E. le Pr\u00e9sident de la R\u00e9publique est accompagn\u00e9 d\u2019une importante d\u00e9l\u00e9gation compos\u00e9e de MM :<\/p>\n<p>&#8211; Nani Ould Chrougha, Ministre charg\u00e9 du cabinet du Pr\u00e9sident de la R\u00e9publique.<\/p>\n<p>\u2013 Mme Zeinebou Mint Ely Salem, Ambassadrice de Mauritanie \u00e0 Madrid.<\/p>\n<p>&#8211; Ahmed Ould Bah dit Ahmeida, conseiller \u00e0 la pr\u00e9sidence de la R\u00e9publique.<\/p>\n<p>\u2013 Izidbih Ould Mohamed Mahmoud, conseiller \u00e0 la pr\u00e9sidence de la R\u00e9publique.<\/p>\n<p>&#8211; El hacen Ould Ahmed, directeur g\u00e9n\u00e9ral du Protocole d\u2019Etat.<\/p>\n","protected":false},"excerpt":{"rendered":"<p>le Pr\u00e9sident de la R\u00e9publique et Pr\u00e9sident de l&#8217;Union africaine, Mohamed Ould Cheikh El-Ghazouani, est arriv\u00e9, mercredi soir, dans la capitale espagnole, Madrid, pour participer \u00e0 la c\u00e9r\u00e9monie de pr\u00e9sentation de la nouvelle strat\u00e9gie Espagne-Afrique du Premier ministre espagnol. A son arriv\u00e9e \u00e0 l&#8217;a\u00e9roport de Madrid Barajas, S.E. le Pr\u00e9sident de la R\u00e9publique a \u00e9t\u00e9 [&hellip;]<\/p>\n","protected":false},"author":13,"featured_media":260329,"comment_status":"open","ping_status":"open","sticky":false,"template":"","format":"standard","meta":{"footnotes":""},"categories":[63919,63957,25,63921,63926],"tags":[],"class_list":["post-260327","post","type-post","status-publish","format-standard","has-post-thumbnail","hentry","category-choix-du-redacteur","category-fil-dactualite","category-25","category-slider-afficher","category-slider-general"],"_links":{"self":[{"href":"https:\/\/ami.mr\/fr\/wp-json\/wp\/v2\/posts\/260327","targetHints":{"allow":["GET"]}}],"collection":[{"href":"https:\/\/ami.mr\/fr\/wp-json\/wp\/v2\/posts"}],"about":[{"href":"https:\/\/ami.mr\/fr\/wp-json\/wp\/v2\/types\/post"}],"author":[{"embeddable":true,"href":"https:\/\/ami.mr\/fr\/wp-json\/wp\/v2\/users\/13"}],"replies":[{"embeddable":true,"href":"https:\/\/ami.mr\/fr\/wp-json\/wp\/v2\/comments?post=260327"}],"version-history":[{"count":2,"href":"https:\/\/ami.mr\/fr\/wp-json\/wp\/v2\/posts\/260327\/revisions"}],"predecessor-version":[{"id":260332,"href":"https:\/\/ami.mr\/fr\/wp-json\/wp\/v2\/posts\/260327\/revisions\/260332"}],"wp:featuredmedia":[{"embeddable":true,"href":"https:\/\/ami.mr\/fr\/wp-json\/wp\/v2\/media\/260329"}],"wp:attachment":[{"href":"https:\/\/ami.mr\/fr\/wp-json\/wp\/v2\/media?parent=260327"}],"wp:term":[{"taxonomy":"category","embeddable":true,"href":"https:\/\/ami.mr\/fr\/wp-json\/wp\/v2\/categories?post=260327"},{"taxonomy":"post_tag","embeddable":true,"href":"https:\/\/ami.mr\/fr\/wp-json\/wp\/v2\/tags?post=260327"}],"curies":[{"name":"wp","href":"https:\/\/api.w.org\/{rel}","templated":true}]}}