{"id":260159,"date":"2024-12-03T11:09:37","date_gmt":"2024-12-03T11:09:37","guid":{"rendered":"https:\/\/ami.mr\/fr\/?p=260159"},"modified":"2024-12-03T11:09:37","modified_gmt":"2024-12-03T11:09:37","slug":"lambassade-des-emirats-arabes-unis-organise-une-reception-a-nouakchott","status":"publish","type":"post","link":"https:\/\/ami.mr\/fr\/archives\/260159","title":{"rendered":"L\u2019ambassade des \u00c9mirats Arabes Unis organise une r\u00e9ception \u00e0 Nouakchott"},"content":{"rendered":"<p>L\u2019Ambassade des \u00c9mirats Arabes Unis en Mauritanie a organis\u00e9, hier lundi soir \u00e0 Nouakchott, une r\u00e9ception \u00e0 l\u2019occasion du 53\u00e8me anniversaire de la Journ\u00e9e de l\u2019Union, f\u00eate nationale des \u00c9mirats.<\/p>\n<p>Le gouvernement \u00e9tait repr\u00e9sent\u00e9 \u00e0 la c\u00e9r\u00e9monie par les ministres de la Justice, M. Mohamed Mahmoud Cheikh Abdallahi Ould Boye, par int\u00e9rim ministre Affaires \u00c9trang\u00e8res, de la Coop\u00e9ration Africaine et des Mauritaniens de l\u2019Ext\u00e9rieur, M. Sid\u2019Ahmed Ould Bouh, ministre de l\u2019\u00c9conomie et des Finances, la conseill\u00e8re du Premier ministre charg\u00e9e des affaires politiques, Mme Hindou Mint A\u00efnaina et l\u2019ambassadeur secr\u00e9taire g\u00e9n\u00e9ral du minist\u00e8re des affaires \u00e9trang\u00e8res, de la coop\u00e9ration africaine et des mauritaniens de l\u2019ext\u00e9rieur, M. Bal Mohamed Lehbib.<\/p>\n<p><img decoding=\"async\" class=\" wp-image-260161 alignleft\" src=\"https:\/\/ami.mr\/fr\/wp-content\/uploads\/2024\/12\/\u0633\u0641\u064a\u0631-\u0627\u0644\u0627\u0645\u0627\u0631\u0627\u062a-236x300.jpg\" alt=\"\" width=\"196\" height=\"249\" srcset=\"https:\/\/ami.mr\/fr\/wp-content\/uploads\/2024\/12\/\u0633\u0641\u064a\u0631-\u0627\u0644\u0627\u0645\u0627\u0631\u0627\u062a-236x300.jpg 236w, https:\/\/ami.mr\/fr\/wp-content\/uploads\/2024\/12\/\u0633\u0641\u064a\u0631-\u0627\u0644\u0627\u0645\u0627\u0631\u0627\u062a-805x1024.jpg 805w, https:\/\/ami.mr\/fr\/wp-content\/uploads\/2024\/12\/\u0633\u0641\u064a\u0631-\u0627\u0644\u0627\u0645\u0627\u0631\u0627\u062a-768x976.jpg 768w, https:\/\/ami.mr\/fr\/wp-content\/uploads\/2024\/12\/\u0633\u0641\u064a\u0631-\u0627\u0644\u0627\u0645\u0627\u0631\u0627\u062a-1208x1536.jpg 1208w, https:\/\/ami.mr\/fr\/wp-content\/uploads\/2024\/12\/\u0633\u0641\u064a\u0631-\u0627\u0644\u0627\u0645\u0627\u0631\u0627\u062a-1611x2048.jpg 1611w, https:\/\/ami.mr\/fr\/wp-content\/uploads\/2024\/12\/\u0633\u0641\u064a\u0631-\u0627\u0644\u0627\u0645\u0627\u0631\u0627\u062a-scaled.jpg 2013w\" sizes=\"(max-width: 196px) 100vw, 196px\" \/>Dans son discours, l\u2019ambassadeur des \u00c9mirats Arabes Unis en Mauritanie, SEM. Hamed Ghanem Hamad Al M\u2019hairi, a salu\u00e9 les excellentes relations fraternelles entre les deux pays.<\/p>\n<p>Il a indiqu\u00e9 que son pays a financ\u00e9 de nombreux projets d\u2019infrastructures de base et de services publics dans divers domaines en Mauritanie tout en souhaitant la poursuite de cette coop\u00e9ration dans les ann\u00e9es \u00e0 venir.<\/p>\n<p>SEM. Hamed Ghanem Hamad Al M\u2019hairi exprim\u00e9 ses sinc\u00e8res remerciements et sa gratitude \u00e0 tous ceux qui ont contribu\u00e9 au renforcement des relations bilat\u00e9rales avant de souligner que les \u00c9mirats arabes Unis servent de pont de communication, de paix et de tol\u00e9rance entre les peuples et les cultures.<\/p>\n<p>Il a affirm\u00e9 que les valeurs de tol\u00e9rance, de coexistence et de fraternit\u00e9 entre les peuples resteront des piliers cl\u00e9s de l\u2019action que m\u00e8ne les \u00c9mirats avec tous ceux qui aspirent \u00e0 la prosp\u00e9rit\u00e9 et au d\u00e9veloppement durable dans le monde.<\/p>\n<p>La c\u00e9r\u00e9monie s\u2019est d\u00e9roul\u00e9e en pr\u00e9sence de l\u2019ambassadeur Mohamed Hanchi, directeur de la coop\u00e9ration bilat\u00e9rale au minist\u00e8re des Affaires \u00e9trang\u00e8res et M. Oumar Ahmed Babou, directeur du d\u00e9partement Monde Arabe.<\/p>\n","protected":false},"excerpt":{"rendered":"<p>L\u2019Ambassade des \u00c9mirats Arabes Unis en Mauritanie a organis\u00e9, hier lundi soir \u00e0 Nouakchott, une r\u00e9ception \u00e0 l\u2019occasion du 53\u00e8me anniversaire de la Journ\u00e9e de l\u2019Union, f\u00eate nationale des \u00c9mirats. Le gouvernement \u00e9tait repr\u00e9sent\u00e9 \u00e0 la c\u00e9r\u00e9monie par les ministres de la Justice, M. Mohamed Mahmoud Cheikh Abdallahi Ould Boye, par int\u00e9rim ministre Affaires \u00c9trang\u00e8res, [&hellip;]<\/p>\n","protected":false},"author":18,"featured_media":260160,"comment_status":"open","ping_status":"open","sticky":false,"template":"","format":"standard","meta":{"footnotes":""},"categories":[63920,63957,63959],"tags":[],"class_list":["post-260159","post","type-post","status-publish","format-standard","has-post-thumbnail","hentry","category-a-la-une","category-fil-dactualite","category-mauritanie"],"_links":{"self":[{"href":"https:\/\/ami.mr\/fr\/wp-json\/wp\/v2\/posts\/260159","targetHints":{"allow":["GET"]}}],"collection":[{"href":"https:\/\/ami.mr\/fr\/wp-json\/wp\/v2\/posts"}],"about":[{"href":"https:\/\/ami.mr\/fr\/wp-json\/wp\/v2\/types\/post"}],"author":[{"embeddable":true,"href":"https:\/\/ami.mr\/fr\/wp-json\/wp\/v2\/users\/18"}],"replies":[{"embeddable":true,"href":"https:\/\/ami.mr\/fr\/wp-json\/wp\/v2\/comments?post=260159"}],"version-history":[{"count":1,"href":"https:\/\/ami.mr\/fr\/wp-json\/wp\/v2\/posts\/260159\/revisions"}],"predecessor-version":[{"id":260162,"href":"https:\/\/ami.mr\/fr\/wp-json\/wp\/v2\/posts\/260159\/revisions\/260162"}],"wp:featuredmedia":[{"embeddable":true,"href":"https:\/\/ami.mr\/fr\/wp-json\/wp\/v2\/media\/260160"}],"wp:attachment":[{"href":"https:\/\/ami.mr\/fr\/wp-json\/wp\/v2\/media?parent=260159"}],"wp:term":[{"taxonomy":"category","embeddable":true,"href":"https:\/\/ami.mr\/fr\/wp-json\/wp\/v2\/categories?post=260159"},{"taxonomy":"post_tag","embeddable":true,"href":"https:\/\/ami.mr\/fr\/wp-json\/wp\/v2\/tags?post=260159"}],"curies":[{"name":"wp","href":"https:\/\/api.w.org\/{rel}","templated":true}]}}