{"id":259727,"date":"2024-11-26T21:04:20","date_gmt":"2024-11-26T21:04:20","guid":{"rendered":"https:\/\/ami.mr\/fr\/?p=259727"},"modified":"2024-11-26T21:04:20","modified_gmt":"2024-11-26T21:04:20","slug":"une-caravane-de-sensibilisation-a-kaedi-pour-commemorer-la-journee-internationale-pour-lelimination-de-la-violence-a-legard-des-femmes","status":"publish","type":"post","link":"https:\/\/ami.mr\/fr\/archives\/259727","title":{"rendered":"Une caravane de sensibilisation \u00e0 Ka\u00e9di pour comm\u00e9morer la Journ\u00e9e internationale pour l&#8217;\u00e9limination de la violence \u00e0 l&#8217;\u00e9gard des femmes."},"content":{"rendered":"<div class=\"row\">\n<div class=\"cell auto-size bd-gray\" dir=\"ltr\"><\/div>\n<\/div>\n<div class=\"row\">\n<div class=\"cell auto-size\">\n<div class=\"set-border bd-gray padding10 margin10 no-margin-right no-margin-left \" dir=\"ltr\">\n<p>Une caravane de sensibilisation sous le th\u00e8me \u00ab Trente ans de la D\u00e9claration et du Programme d&#8217;action de Beijing, unis pour mettre fin \u00e0 la violence contre les femmes \u00bb a d\u00e9marr\u00e9, mardi, \u00e0 Ka\u00e9di, dans le cadre de la comm\u00e9moration de la Journ\u00e9e internationale pour l&#8217;\u00e9limination de la violence \u00e0 l&#8217;\u00e9gard des femmes.<\/p>\n<p>Inaugurant les travaux de ce convoi, financ\u00e9 par l&#8217;ASWED, le conseiller du wali charg\u00e9 des affaires politiques et sociales, M. Yahya Sidi Mohamed Mahmoud, a soulign\u00e9 l&#8217;importance du lancement de ce convoi, compos\u00e9 de 100 femmes issues de coop\u00e9ratives et de la soci\u00e9t\u00e9 civile, sous le patronage de la Premi\u00e8re Dame, Dr Marieme Dah.<\/p>\n<p>Pour sa part, Mme Savia Hachim, Directrice de la Promotion de la Femme et du Genre, a exprim\u00e9 son espoir que cette caravane soit un v\u00e9ritable d\u00e9but pour \u00e9liminer la violence contre les femmes dans la wilaya du Gorgol et constitue une v\u00e9ritable prise de conscience des femmes sur leurs droits et devoirs bas\u00e9s sur notre religion et le Hadith : \u00ab Faites du bien aux femmes \u00bb.<\/p>\n<p>La directrice r\u00e9gionale, Mme Hawa Daye Messaoud, a soulign\u00e9 que le lancement de cette caravane, qui sillonnera les moughataas de Lexeiba et de M&#8217;Bout, sous la supervision de la directrice de la promotion de la femme et du genre, constituera un v\u00e9ritable apport au travail de lutte contre la violence \u00e0 l&#8217;\u00e9gard des femmes et des filles.<\/p>\n<p>Le secr\u00e9taire g\u00e9n\u00e9ral de l&#8217;Union Nationale des Imams de Mauritanie au Gorgol, M. Mohamed Jemal Ould Abdallahi, a donn\u00e9 une conf\u00e9rence sur les droits de la femme dans l&#8217;Islam, la fa\u00e7on dont le Messager d&#8217;Allah (PSL) traitait ses \u00e9pouses, et l&#8217;importance de la femme dans la construction d&#8217;une bonne famille.<\/p>\n<p>Le lancement a eu lieu en pr\u00e9sence du hakem mou\u00e7aid de Ka\u00e9di, M. Sidi Mohamed Ould Jedna, du maire adjoint de la commune de Ka\u00e9di, d&#8217;une d\u00e9l\u00e9gation du d\u00e9partement des affaires sociales et de responsables d&#8217;organisations et d&#8217;associations int\u00e9ress\u00e9es.<\/p>\n<\/div>\n<\/div>\n<\/div>\n","protected":false},"excerpt":{"rendered":"<p>Une caravane de sensibilisation sous le th\u00e8me \u00ab Trente ans de la D\u00e9claration et du Programme d&#8217;action de Beijing, unis pour mettre fin \u00e0 la violence contre les femmes \u00bb a d\u00e9marr\u00e9, mardi, \u00e0 Ka\u00e9di, dans le cadre de la comm\u00e9moration de la Journ\u00e9e internationale pour l&#8217;\u00e9limination de la violence \u00e0 l&#8217;\u00e9gard des femmes. Inaugurant [&hellip;]<\/p>\n","protected":false},"author":8,"featured_media":259728,"comment_status":"open","ping_status":"open","sticky":false,"template":"","format":"standard","meta":{"footnotes":""},"categories":[63918,63957],"tags":[],"class_list":["post-259727","post","type-post","status-publish","format-standard","has-post-thumbnail","hentry","category-autres","category-fil-dactualite"],"_links":{"self":[{"href":"https:\/\/ami.mr\/fr\/wp-json\/wp\/v2\/posts\/259727","targetHints":{"allow":["GET"]}}],"collection":[{"href":"https:\/\/ami.mr\/fr\/wp-json\/wp\/v2\/posts"}],"about":[{"href":"https:\/\/ami.mr\/fr\/wp-json\/wp\/v2\/types\/post"}],"author":[{"embeddable":true,"href":"https:\/\/ami.mr\/fr\/wp-json\/wp\/v2\/users\/8"}],"replies":[{"embeddable":true,"href":"https:\/\/ami.mr\/fr\/wp-json\/wp\/v2\/comments?post=259727"}],"version-history":[{"count":1,"href":"https:\/\/ami.mr\/fr\/wp-json\/wp\/v2\/posts\/259727\/revisions"}],"predecessor-version":[{"id":259729,"href":"https:\/\/ami.mr\/fr\/wp-json\/wp\/v2\/posts\/259727\/revisions\/259729"}],"wp:featuredmedia":[{"embeddable":true,"href":"https:\/\/ami.mr\/fr\/wp-json\/wp\/v2\/media\/259728"}],"wp:attachment":[{"href":"https:\/\/ami.mr\/fr\/wp-json\/wp\/v2\/media?parent=259727"}],"wp:term":[{"taxonomy":"category","embeddable":true,"href":"https:\/\/ami.mr\/fr\/wp-json\/wp\/v2\/categories?post=259727"},{"taxonomy":"post_tag","embeddable":true,"href":"https:\/\/ami.mr\/fr\/wp-json\/wp\/v2\/tags?post=259727"}],"curies":[{"name":"wp","href":"https:\/\/api.w.org\/{rel}","templated":true}]}}