{"id":259724,"date":"2024-11-26T20:34:57","date_gmt":"2024-11-26T20:34:57","guid":{"rendered":"https:\/\/ami.mr\/fr\/?p=259724"},"modified":"2024-11-27T11:55:47","modified_gmt":"2024-11-27T11:55:47","slug":"le-president-de-la-republique-rentre-a-nouakchott-apres-une-visite-de-travail-et-dinformation-dans-quatre-wilayas","status":"publish","type":"post","link":"https:\/\/ami.mr\/fr\/archives\/259724","title":{"rendered":"Le Pr\u00e9sident de la R\u00e9publique rentre \u00e0 Nouakchott apr\u00e8s une visite de travail et d&#8217;information dans quatre wilayas"},"content":{"rendered":"<div class=\"row\">\n<div class=\"cell auto-size bd-gray\" dir=\"ltr\">S.E le Pr\u00e9sident de la R\u00e9publique, M. Mohamed Ould Cheikh El-Ghazouani est rentr\u00e9, mardi soir, \u00e0 Nouakchott, apr\u00e8s avoir effectu\u00e9 des visites de travail et d&#8217;information dans les wilayas du Trarza, du Brakna, du Gorgol et du Guidimagha, au cours desquelles il a inaugur\u00e9 d&#8217;importants projets de d\u00e9veloppement \u00e0 l&#8217;occasion de la comm\u00e9moration du 64\u00e8me anniversaire de la f\u00eate de l&#8217;Ind\u00e9pendance nationale.<\/div>\n<\/div>\n<div class=\"row\">\n<div class=\"cell auto-size\">\n<div class=\"set-border bd-gray padding10 margin10 no-margin-right no-margin-left \" dir=\"ltr\">\n<p>S.E. le Pr\u00e9sident de la R\u00e9publique a \u00e9t\u00e9 accueilli \u00e0 l&#8217;a\u00e9roport international de Nouakchott \u00ab Oumtounsi \u00bb par le Premier ministre, M. Mokhtar Ould Diay, le ministre secr\u00e9taire g\u00e9n\u00e9ral de la Pr\u00e9sidence de la R\u00e9publique, M. Moulaye Ould Mohamed Lagdhaf, le ministre conseiller du Pr\u00e9sident de la R\u00e9publique, M. Mohamed Ould Abdallahi Ould Othmane, le ministre de la Justice, M. Mohamed Mahmoud Cheikh Abdallahi Ould Boye, le ministre de l&#8217;Int\u00e9rieur, de la Promotion de la D\u00e9centralisation et du D\u00e9veloppement Local, M. Mohamed Ahmed Ould Mohamed Lemine, le Chef d&#8217;\u00e9tat-major particulier du Pr\u00e9sident de la R\u00e9publique, la directrice adjointe du cabinet du Pr\u00e9sident de la R\u00e9publique, le wali de Nouakchott Ouest et la pr\u00e9sidente de la R\u00e9gion de Nouakchott.<\/p>\n<p>Lors de ces visites, S.E. le Pr\u00e9sident de la R\u00e9publique \u00e9tait accompagn\u00e9 du ministre charg\u00e9 du cabinet du Pr\u00e9sident de la R\u00e9publique, M. Nani Ould Chrougha, de certains membres du gouvernement, de fonctionnaires et de conseillers de la Pr\u00e9sidence de la R\u00e9publique et du directeur g\u00e9n\u00e9ral du Protocole d&#8217;Etat.<\/p>\n<\/div>\n<\/div>\n<\/div>\n","protected":false},"excerpt":{"rendered":"<p>S.E le Pr\u00e9sident de la R\u00e9publique, M. Mohamed Ould Cheikh El-Ghazouani est rentr\u00e9, mardi soir, \u00e0 Nouakchott, apr\u00e8s avoir effectu\u00e9 des visites de travail et d&#8217;information dans les wilayas du Trarza, du Brakna, du Gorgol et du Guidimagha, au cours desquelles il a inaugur\u00e9 d&#8217;importants projets de d\u00e9veloppement \u00e0 l&#8217;occasion de la comm\u00e9moration du 64\u00e8me [&hellip;]<\/p>\n","protected":false},"author":8,"featured_media":259753,"comment_status":"open","ping_status":"open","sticky":false,"template":"","format":"standard","meta":{"footnotes":""},"categories":[63919,63957,63959,63921,63927],"tags":[],"class_list":["post-259724","post","type-post","status-publish","format-standard","has-post-thumbnail","hentry","category-choix-du-redacteur","category-fil-dactualite","category-mauritanie","category-slider-afficher","category-slider-mauritanie"],"_links":{"self":[{"href":"https:\/\/ami.mr\/fr\/wp-json\/wp\/v2\/posts\/259724","targetHints":{"allow":["GET"]}}],"collection":[{"href":"https:\/\/ami.mr\/fr\/wp-json\/wp\/v2\/posts"}],"about":[{"href":"https:\/\/ami.mr\/fr\/wp-json\/wp\/v2\/types\/post"}],"author":[{"embeddable":true,"href":"https:\/\/ami.mr\/fr\/wp-json\/wp\/v2\/users\/8"}],"replies":[{"embeddable":true,"href":"https:\/\/ami.mr\/fr\/wp-json\/wp\/v2\/comments?post=259724"}],"version-history":[{"count":2,"href":"https:\/\/ami.mr\/fr\/wp-json\/wp\/v2\/posts\/259724\/revisions"}],"predecessor-version":[{"id":259754,"href":"https:\/\/ami.mr\/fr\/wp-json\/wp\/v2\/posts\/259724\/revisions\/259754"}],"wp:featuredmedia":[{"embeddable":true,"href":"https:\/\/ami.mr\/fr\/wp-json\/wp\/v2\/media\/259753"}],"wp:attachment":[{"href":"https:\/\/ami.mr\/fr\/wp-json\/wp\/v2\/media?parent=259724"}],"wp:term":[{"taxonomy":"category","embeddable":true,"href":"https:\/\/ami.mr\/fr\/wp-json\/wp\/v2\/categories?post=259724"},{"taxonomy":"post_tag","embeddable":true,"href":"https:\/\/ami.mr\/fr\/wp-json\/wp\/v2\/tags?post=259724"}],"curies":[{"name":"wp","href":"https:\/\/api.w.org\/{rel}","templated":true}]}}