{"id":259700,"date":"2024-11-26T18:10:27","date_gmt":"2024-11-26T18:10:27","guid":{"rendered":"https:\/\/ami.mr\/fr\/?p=259700"},"modified":"2024-11-26T18:10:27","modified_gmt":"2024-11-26T18:10:27","slug":"lancement-de-la-phase-delaboration-du-projet-de-rehabilitation-et-de-restauration-des-ecosystemes-de-la-ceinture-de-gomme-arabe","status":"publish","type":"post","link":"https:\/\/ami.mr\/fr\/archives\/259700","title":{"rendered":"Lancement de la phase d&#8217;\u00e9laboration du projet de r\u00e9habilitation et de restauration des \u00e9cosyst\u00e8mes de la ceinture de gomme arabe"},"content":{"rendered":"<div class=\"row\"><\/div>\n<div class=\"row\">\n<div class=\"cell auto-size\">\n<div class=\"set-border bd-gray padding10 margin10 no-margin-right no-margin-left \" dir=\"ltr\">\n<p>La ministre de l&#8217;environnement et du d\u00e9veloppement durable, Mme Massouda Mint Baham Ould Mohamed Laghdhaf, a ouvert, mardi, \u00e0 Nouakchott l&#8217;atelier de lancement de la phase d&#8217;\u00e9laboration du projet de r\u00e9habilitation et de restauration des \u00e9cosyst\u00e8mes de la ceinture gommo-arabique et d&#8217;utilisation durable des ressources foresti\u00e8res en Mauritanie.<\/p>\n<p>Le projet, financ\u00e9 par le Fonds pour l&#8217;environnement mondial (FEM) pour un montant total de 6 millions de dollars US, vise \u00e0 restaurer les \u00e9cosyst\u00e8mes de la ceinture gommo-arabique, \u00e0 promouvoir les bonnes pratiques de gestion des \u00e9cosyst\u00e8mes forestiers et r\u00e9gionaux, \u00e0 mettre en place des outils de collecte et de gestion des donn\u00e9es de r\u00e9f\u00e9rence, et \u00e0 valoriser le gommier et les principaux produits forestiers non ligneux \u00e0 travers une approche de cha\u00eene de valeur et d&#8217;entreprises vertes.<\/p>\n<p>La ministre de l&#8217;environnement et du d\u00e9veloppement durable a expliqu\u00e9 que l&#8217;expansion du d\u00e9sert du Sahara due au changement climatique et \u00e0 la pression humaine entra\u00eenera une concurrence accrue pour les ressources naturelles dans les wilayas du sud de la Mauritanie, avec de graves cons\u00e9quences pour les \u00e9cosyst\u00e8mes agroforestiers et pastoraux, au sein desquels se trouve la \u00ab ceinture de la gomme arabique \u00bb mauritanienne.<\/p>\n<p>Elle a ajout\u00e9 que la Mauritanie \u00e9tait le deuxi\u00e8me exportateur de gomme arabique, mais les changements climatiques et la s\u00e9cheresse s\u00e9v\u00e8re des ann\u00e9es 1970 et 1980 ont entra\u00een\u00e9 une forte baisse de la production de gomme arabique en Mauritanie, qui est pass\u00e9e \u00e0 moins de 500 tonnes par an, selon les statistiques de la FAO en 2010.<\/p>\n<p>Elle a indiqu\u00e9 que la Mauritanie cherche \u00e0 contribuer \u00e0 r\u00e9pondre aux appels et initiatives mondiales, \u00e0 savoir les Objectifs de D\u00e9veloppement Durable (2015-2030), le Sommet Mondial sur le Climat (COP26), et la signature de la D\u00e9claration de Glasgow sur les for\u00eats et l&#8217;utilisation des terres, dans laquelle les pays signataires se sont engag\u00e9s \u00e0 inverser la tendance \u00e0 la d\u00e9forestation et \u00e0 la d\u00e9gradation des terres d&#8217;ici 2030, notant \u00e0 cet \u00e9gard que la Mauritanie a inscrit la protection des \u00e9cosyst\u00e8mes et de la biodiversit\u00e9 dans ses politiques et strat\u00e9gies nationales.<\/p>\n<p>Pour sa part, le repr\u00e9sentant de l&#8217;Organisation des Nations Unies pour l&#8217;alimentation et l&#8217;agriculture (FAO), M. Alexandre Henech, a indiqu\u00e9 que la mission du Fonds pour l&#8217;environnement mondial est de soutenir cet important projet li\u00e9 \u00e0 la r\u00e9habilitation et \u00e0 la restauration des \u00e9cosyst\u00e8mes de la ceinture arabe et \u00e0 l&#8217;utilisation durable des ressources foresti\u00e8res.<\/p>\n<p>Il a soulign\u00e9 que l&#8217;organisation poursuivra son soutien pour obtenir l&#8217;approbation du Fonds pour l&#8217;environnement mondial (FEM), dont cet atelier constitue la premi\u00e8re \u00e9tape de pr\u00e9paration, r\u00e9it\u00e9rant la n\u00e9cessit\u00e9 d&#8217;efforts concert\u00e9s entre les secteurs concern\u00e9s afin de faire de cet important projet un succ\u00e8s.<\/p>\n<p>Le lancement a eu lieu en pr\u00e9sence du secr\u00e9taire g\u00e9n\u00e9ral du minist\u00e8re, du coordinateur du projet et d&#8217;un certain nombre de membres du personnel du minist\u00e8re.<\/p>\n<\/div>\n<\/div>\n<\/div>\n","protected":false},"excerpt":{"rendered":"<p>La ministre de l&#8217;environnement et du d\u00e9veloppement durable, Mme Massouda Mint Baham Ould Mohamed Laghdhaf, a ouvert, mardi, \u00e0 Nouakchott l&#8217;atelier de lancement de la phase d&#8217;\u00e9laboration du projet de r\u00e9habilitation et de restauration des \u00e9cosyst\u00e8mes de la ceinture gommo-arabique et d&#8217;utilisation durable des ressources foresti\u00e8res en Mauritanie. Le projet, financ\u00e9 par le Fonds pour [&hellip;]<\/p>\n","protected":false},"author":8,"featured_media":259701,"comment_status":"open","ping_status":"open","sticky":false,"template":"","format":"standard","meta":{"footnotes":""},"categories":[63920,63957],"tags":[],"class_list":["post-259700","post","type-post","status-publish","format-standard","has-post-thumbnail","hentry","category-a-la-une","category-fil-dactualite"],"_links":{"self":[{"href":"https:\/\/ami.mr\/fr\/wp-json\/wp\/v2\/posts\/259700","targetHints":{"allow":["GET"]}}],"collection":[{"href":"https:\/\/ami.mr\/fr\/wp-json\/wp\/v2\/posts"}],"about":[{"href":"https:\/\/ami.mr\/fr\/wp-json\/wp\/v2\/types\/post"}],"author":[{"embeddable":true,"href":"https:\/\/ami.mr\/fr\/wp-json\/wp\/v2\/users\/8"}],"replies":[{"embeddable":true,"href":"https:\/\/ami.mr\/fr\/wp-json\/wp\/v2\/comments?post=259700"}],"version-history":[{"count":1,"href":"https:\/\/ami.mr\/fr\/wp-json\/wp\/v2\/posts\/259700\/revisions"}],"predecessor-version":[{"id":259702,"href":"https:\/\/ami.mr\/fr\/wp-json\/wp\/v2\/posts\/259700\/revisions\/259702"}],"wp:featuredmedia":[{"embeddable":true,"href":"https:\/\/ami.mr\/fr\/wp-json\/wp\/v2\/media\/259701"}],"wp:attachment":[{"href":"https:\/\/ami.mr\/fr\/wp-json\/wp\/v2\/media?parent=259700"}],"wp:term":[{"taxonomy":"category","embeddable":true,"href":"https:\/\/ami.mr\/fr\/wp-json\/wp\/v2\/categories?post=259700"},{"taxonomy":"post_tag","embeddable":true,"href":"https:\/\/ami.mr\/fr\/wp-json\/wp\/v2\/tags?post=259700"}],"curies":[{"name":"wp","href":"https:\/\/api.w.org\/{rel}","templated":true}]}}