{"id":259544,"date":"2024-11-25T12:58:37","date_gmt":"2024-11-25T12:58:37","guid":{"rendered":"https:\/\/ami.mr\/fr\/?p=259544"},"modified":"2024-11-25T12:58:37","modified_gmt":"2024-11-25T12:58:37","slug":"le-ministre-de-leconomie-et-des-finances-recoit-une-delegation-du-fades","status":"publish","type":"post","link":"https:\/\/ami.mr\/fr\/archives\/259544","title":{"rendered":"Le ministre de l\u2019\u00c9conomie et des Finances re\u00e7oit une d\u00e9l\u00e9gation du FADES"},"content":{"rendered":"<p>Le ministre de l\u2019\u00c9conomie et des Finances, M. Sid \u2019Ahmed Ould Bouh, a re\u00e7u, lundi matin \u00e0 Nouakchott, une d\u00e9l\u00e9gation du Fonds arabe pour le d\u00e9veloppement \u00e9conomique et social (FADES), conduite par M. Badr Mohamed Al Saad, directeur g\u00e9n\u00e9ral et administrateur d\u00e9l\u00e9gu\u00e9 du Fonds.<\/p>\n<p>La r\u00e9union a port\u00e9 sur les diff\u00e9rents domaines de coop\u00e9ration entre la Mauritanie et le Fonds Arabe pour le D\u00e9veloppement \u00c9conomique et Social (FADES) et les moyens de la renforcer et de la d\u00e9velopper.<\/p>\n<p>La r\u00e9union s&#8217;est tenue en pr\u00e9sence du directeur g\u00e9n\u00e9ral des finances, de la coop\u00e9ration et de l&#8217;\u00e9conomie au minist\u00e8re de l\u2019\u00c9conomie et des Finances, M. Mohamed Salem Ould Nani.<\/p>\n","protected":false},"excerpt":{"rendered":"<p>Le ministre de l\u2019\u00c9conomie et des Finances, M. Sid \u2019Ahmed Ould Bouh, a re\u00e7u, lundi matin \u00e0 Nouakchott, une d\u00e9l\u00e9gation du Fonds arabe pour le d\u00e9veloppement \u00e9conomique et social (FADES), conduite par M. Badr Mohamed Al Saad, directeur g\u00e9n\u00e9ral et administrateur d\u00e9l\u00e9gu\u00e9 du Fonds. La r\u00e9union a port\u00e9 sur les diff\u00e9rents domaines de coop\u00e9ration entre [&hellip;]<\/p>\n","protected":false},"author":18,"featured_media":259545,"comment_status":"open","ping_status":"open","sticky":false,"template":"","format":"standard","meta":{"footnotes":""},"categories":[63918,63957,63959],"tags":[],"class_list":["post-259544","post","type-post","status-publish","format-standard","has-post-thumbnail","hentry","category-autres","category-fil-dactualite","category-mauritanie"],"_links":{"self":[{"href":"https:\/\/ami.mr\/fr\/wp-json\/wp\/v2\/posts\/259544","targetHints":{"allow":["GET"]}}],"collection":[{"href":"https:\/\/ami.mr\/fr\/wp-json\/wp\/v2\/posts"}],"about":[{"href":"https:\/\/ami.mr\/fr\/wp-json\/wp\/v2\/types\/post"}],"author":[{"embeddable":true,"href":"https:\/\/ami.mr\/fr\/wp-json\/wp\/v2\/users\/18"}],"replies":[{"embeddable":true,"href":"https:\/\/ami.mr\/fr\/wp-json\/wp\/v2\/comments?post=259544"}],"version-history":[{"count":1,"href":"https:\/\/ami.mr\/fr\/wp-json\/wp\/v2\/posts\/259544\/revisions"}],"predecessor-version":[{"id":259546,"href":"https:\/\/ami.mr\/fr\/wp-json\/wp\/v2\/posts\/259544\/revisions\/259546"}],"wp:featuredmedia":[{"embeddable":true,"href":"https:\/\/ami.mr\/fr\/wp-json\/wp\/v2\/media\/259545"}],"wp:attachment":[{"href":"https:\/\/ami.mr\/fr\/wp-json\/wp\/v2\/media?parent=259544"}],"wp:term":[{"taxonomy":"category","embeddable":true,"href":"https:\/\/ami.mr\/fr\/wp-json\/wp\/v2\/categories?post=259544"},{"taxonomy":"post_tag","embeddable":true,"href":"https:\/\/ami.mr\/fr\/wp-json\/wp\/v2\/tags?post=259544"}],"curies":[{"name":"wp","href":"https:\/\/api.w.org\/{rel}","templated":true}]}}