{"id":259541,"date":"2024-11-25T12:44:07","date_gmt":"2024-11-25T12:44:07","guid":{"rendered":"https:\/\/ami.mr\/fr\/?p=259541"},"modified":"2024-11-25T12:44:07","modified_gmt":"2024-11-25T12:44:07","slug":"renforcement-des-capacites-de-la-societe-civile-dans-le-domaine-de-laction-humanitaire","status":"publish","type":"post","link":"https:\/\/ami.mr\/fr\/archives\/259541","title":{"rendered":"Renforcement des capacit\u00e9s de la soci\u00e9t\u00e9 civile dans le domaine de l&#8217;action humanitaire"},"content":{"rendered":"<p>Le commissariat aux Droits de l&#8217;Homme, \u00e0 l&#8217;Action humanitaire et aux Relations avec la Soci\u00e9t\u00e9 civile a organis\u00e9 lundi matin \u00e0 Nouakchott un atelier de formation \u00e0 l&#8217;intention des organisations de la soci\u00e9t\u00e9 civile \u0153uvrant dans le domaine de l&#8217;action humanitaire.<\/p>\n<p>Cet atelier de trois jours vise \u00e0 renforcer les performances de ces organisations et \u00e0 dynamiser leur r\u00f4le dans le domaine des interventions humanitaires en les familiarisant avec les m\u00e9thodes techniques appropri\u00e9es pour faire face aux r\u00e9percussions des catastrophes naturelles.<\/p>\n<p>Dans une allocution prononc\u00e9e \u00e0 cette occasion, M. Ahmed Salem Ould Khtour, charg\u00e9 de mission au commissariat, commissaire-adjoint par int\u00e9rim, a indiqu\u00e9 que le commissariat est d\u00e9termin\u00e9 \u00e0 r\u00e9pondre \u00e0 toutes les questions humanitaires conform\u00e9ment au plan d&#8217;action du secteur.<\/p>\n<p>Cet atelier vise \u00e0 renforcer la soci\u00e9t\u00e9 civile et \u00e0 familiariser ses organisations avec les techniques de mani\u00e8re \u00e0 am\u00e9liorer sa contribution \u00e0 la lutte contre les catastrophes naturelles, a-t-il ajout\u00e9.<\/p>\n<p>Il a soulign\u00e9 l&#8217;importance des points de vue des participants et des discussions et dialogues qui en r\u00e9sulteront sur les sujets qui seront pr\u00e9sent\u00e9s au cours de l&#8217;atelier, exprimant son espoir que les r\u00e9sultats de ce forum aideront les organisations de la soci\u00e9t\u00e9 civile \u00e0 jouer un r\u00f4le efficace dans la lutte contre les catastrophes naturelles.<\/p>\n<p>L&#8217;atelier a \u00e9t\u00e9 inaugur\u00e9 en pr\u00e9sence de plusieurs responsables du commissariat aux Droits de l&#8217;Homme, \u00e0 l&#8217;Action humanitaire et aux Relations avec la Soci\u00e9t\u00e9 civile.<\/p>\n","protected":false},"excerpt":{"rendered":"<p>Le commissariat aux Droits de l&#8217;Homme, \u00e0 l&#8217;Action humanitaire et aux Relations avec la Soci\u00e9t\u00e9 civile a organis\u00e9 lundi matin \u00e0 Nouakchott un atelier de formation \u00e0 l&#8217;intention des organisations de la soci\u00e9t\u00e9 civile \u0153uvrant dans le domaine de l&#8217;action humanitaire. Cet atelier de trois jours vise \u00e0 renforcer les performances de ces organisations et [&hellip;]<\/p>\n","protected":false},"author":18,"featured_media":259542,"comment_status":"open","ping_status":"open","sticky":false,"template":"","format":"standard","meta":{"footnotes":""},"categories":[63918,63957,63959],"tags":[],"class_list":["post-259541","post","type-post","status-publish","format-standard","has-post-thumbnail","hentry","category-autres","category-fil-dactualite","category-mauritanie"],"_links":{"self":[{"href":"https:\/\/ami.mr\/fr\/wp-json\/wp\/v2\/posts\/259541","targetHints":{"allow":["GET"]}}],"collection":[{"href":"https:\/\/ami.mr\/fr\/wp-json\/wp\/v2\/posts"}],"about":[{"href":"https:\/\/ami.mr\/fr\/wp-json\/wp\/v2\/types\/post"}],"author":[{"embeddable":true,"href":"https:\/\/ami.mr\/fr\/wp-json\/wp\/v2\/users\/18"}],"replies":[{"embeddable":true,"href":"https:\/\/ami.mr\/fr\/wp-json\/wp\/v2\/comments?post=259541"}],"version-history":[{"count":1,"href":"https:\/\/ami.mr\/fr\/wp-json\/wp\/v2\/posts\/259541\/revisions"}],"predecessor-version":[{"id":259543,"href":"https:\/\/ami.mr\/fr\/wp-json\/wp\/v2\/posts\/259541\/revisions\/259543"}],"wp:featuredmedia":[{"embeddable":true,"href":"https:\/\/ami.mr\/fr\/wp-json\/wp\/v2\/media\/259542"}],"wp:attachment":[{"href":"https:\/\/ami.mr\/fr\/wp-json\/wp\/v2\/media?parent=259541"}],"wp:term":[{"taxonomy":"category","embeddable":true,"href":"https:\/\/ami.mr\/fr\/wp-json\/wp\/v2\/categories?post=259541"},{"taxonomy":"post_tag","embeddable":true,"href":"https:\/\/ami.mr\/fr\/wp-json\/wp\/v2\/tags?post=259541"}],"curies":[{"name":"wp","href":"https:\/\/api.w.org\/{rel}","templated":true}]}}