{"id":259532,"date":"2024-11-25T12:09:01","date_gmt":"2024-11-25T12:09:01","guid":{"rendered":"https:\/\/ami.mr\/fr\/?p=259532"},"modified":"2024-11-25T12:09:01","modified_gmt":"2024-11-25T12:09:01","slug":"le-president-de-la-republique-arrive-a-rosso-pour-lancer-des-projets-de-developpement-au-trarza","status":"publish","type":"post","link":"https:\/\/ami.mr\/fr\/archives\/259532","title":{"rendered":"Le Pr\u00e9sident de la R\u00e9publique arrive \u00e0 Rosso pour lancer des projets de d\u00e9veloppement au Trarza"},"content":{"rendered":"<p>Son Excellence le Pr\u00e9sident de la R\u00e9publique, Monsieur Mohamed Ould Cheikh El Ghazouani, est arriv\u00e9 lundi matin dans la ville de Rosso, dans le cadre d\u2019une visite de prise de contact, d\u2019information et de lancement de plusieurs projets de d\u00e9veloppement \u00e0 l\u2019occasion de la comm\u00e9moration du 64\u00e8me anniversaire de la f\u00eate de l&#8217;Ind\u00e9pendance nationale.<\/p>\n<p>Le Pr\u00e9sident de la R\u00e9publique a \u00e9t\u00e9 accueilli par le wali du Trarza, M. Mohamed Ould Ahmed Maouloud, le Commandant de la 6\u00e8me R\u00e9gion Militaire, le Colonel Ahmed Salem Ze\u00efne, le pr\u00e9sident du conseil r\u00e9gional du Trarza, M. Mohamed Ould Cheikh, le hakem de Rosso, M. Ahmed Ould Mohamed Abderrahmane Ould Elemine, le maire de Rosso, Bamba Ould Dermane, les deux d\u00e9put\u00e9s de Rosso et les chefs des formations militaires et s\u00e9curitaires de la wilaya.<\/p>\n<p>Le Pr\u00e9sident de la R\u00e9publique a salu\u00e9 les chefs, dignitaires et \u00e9lus de la wilaya du Trarza venus l\u2019accueillir.<\/p>\n<p>La population de Rosso a r\u00e9serv\u00e9 un accueil massif au Pr\u00e9sident de la R\u00e9publique, en tapissant la route entre l&#8217;a\u00e9roport et la ville de photos agrandies de Son Excellence, de slogans de bienvenue et de banderoles mettant en exergue les r\u00e9alisations accomplies au niveau national en g\u00e9n\u00e9ral et au niveau de la wilaya du Trarza en particulier.<\/p>\n<p>L\u2019accueil haut en couleurs a \u00e9t\u00e9 ponctu\u00e9e de danses folkloriques pour exprimer la joie et l&#8217;enthousiasme des habitants \u00e0 l&#8217;occasion de la visite de Son Excellence le Pr\u00e9sident de la R\u00e9publique dans la wilaya.<\/p>\n<p>Le Pr\u00e9sident de la R\u00e9publique est accompagn\u00e9 d\u2019une importante d\u00e9l\u00e9gation comprenant :<\/p>\n<p>\u2013 Nani Ould Chrougha, ministre charg\u00e9 du cabinet du Pr\u00e9sident de la R\u00e9publique.<\/p>\n<p>\u2013 Mohamed Ould Mohamed Melainine Ould Khaled, ministre de l\u2019Energie et du P\u00e9trole<\/p>\n<p>\u2013 Memma Beibatta, ministre de l\u2019Agriculture et de la Souverainet\u00e9 alimentaire<\/p>\n<p>\u2013 Ahmed Bah dit Hme\u00efda, conseiller \u00e0 la Pr\u00e9sidence de la R\u00e9publique<\/p>\n<p>\u2013 Ahmed Ould Bahini, charg\u00e9 de mission \u00e0 la Pr\u00e9sidence de la R\u00e9publique<\/p>\n<p>\u2013 Ahmed Salem Ould Mohamed Fadhil, charg\u00e9 de mission \u00e0 la Pr\u00e9sidence de la R\u00e9publique<\/p>\n<p>\u2013 El Housseine Ould Naji, conseiller \u00e0 la Pr\u00e9sidence de la R\u00e9publique<\/p>\n<p>\u2013 Tah Ahmed Mahmoud, conseiller \u00e0 la Pr\u00e9sidence de la R\u00e9publique<\/p>\n<p>\u2013 El Hacen Ould Zeine, conseiller \u00e0 la Pr\u00e9sidence de la R\u00e9publique<\/p>\n<p>\u2013 El Hacen Ould Ahmed, directeur g\u00e9n\u00e9ral du protocole d\u2019\u00c9tat.<\/p>\n","protected":false},"excerpt":{"rendered":"<p>Son Excellence le Pr\u00e9sident de la R\u00e9publique, Monsieur Mohamed Ould Cheikh El Ghazouani, est arriv\u00e9 lundi matin dans la ville de Rosso, dans le cadre d\u2019une visite de prise de contact, d\u2019information et de lancement de plusieurs projets de d\u00e9veloppement \u00e0 l\u2019occasion de la comm\u00e9moration du 64\u00e8me anniversaire de la f\u00eate de l&#8217;Ind\u00e9pendance nationale. Le [&hellip;]<\/p>\n","protected":false},"author":18,"featured_media":259533,"comment_status":"open","ping_status":"open","sticky":false,"template":"","format":"standard","meta":{"footnotes":""},"categories":[63957,63921,63923,8672],"tags":[],"class_list":["post-259532","post","type-post","status-publish","format-standard","has-post-thumbnail","hentry","category-fil-dactualite","category-slider-afficher","category-slider-wilayas","category-8672"],"_links":{"self":[{"href":"https:\/\/ami.mr\/fr\/wp-json\/wp\/v2\/posts\/259532","targetHints":{"allow":["GET"]}}],"collection":[{"href":"https:\/\/ami.mr\/fr\/wp-json\/wp\/v2\/posts"}],"about":[{"href":"https:\/\/ami.mr\/fr\/wp-json\/wp\/v2\/types\/post"}],"author":[{"embeddable":true,"href":"https:\/\/ami.mr\/fr\/wp-json\/wp\/v2\/users\/18"}],"replies":[{"embeddable":true,"href":"https:\/\/ami.mr\/fr\/wp-json\/wp\/v2\/comments?post=259532"}],"version-history":[{"count":1,"href":"https:\/\/ami.mr\/fr\/wp-json\/wp\/v2\/posts\/259532\/revisions"}],"predecessor-version":[{"id":259534,"href":"https:\/\/ami.mr\/fr\/wp-json\/wp\/v2\/posts\/259532\/revisions\/259534"}],"wp:featuredmedia":[{"embeddable":true,"href":"https:\/\/ami.mr\/fr\/wp-json\/wp\/v2\/media\/259533"}],"wp:attachment":[{"href":"https:\/\/ami.mr\/fr\/wp-json\/wp\/v2\/media?parent=259532"}],"wp:term":[{"taxonomy":"category","embeddable":true,"href":"https:\/\/ami.mr\/fr\/wp-json\/wp\/v2\/categories?post=259532"},{"taxonomy":"post_tag","embeddable":true,"href":"https:\/\/ami.mr\/fr\/wp-json\/wp\/v2\/tags?post=259532"}],"curies":[{"name":"wp","href":"https:\/\/api.w.org\/{rel}","templated":true}]}}