{"id":259081,"date":"2024-11-19T15:07:12","date_gmt":"2024-11-19T15:07:12","guid":{"rendered":"https:\/\/ami.mr\/fr\/?p=259081"},"modified":"2024-11-19T15:07:12","modified_gmt":"2024-11-19T15:07:12","slug":"lancement-de-la-journee-nationale-de-sensibilisation-au-programme-erasmus-en-mauritanie","status":"publish","type":"post","link":"https:\/\/ami.mr\/fr\/archives\/259081","title":{"rendered":"Lancement de la journ\u00e9e nationale de sensibilisation au programme Erasmus en Mauritanie"},"content":{"rendered":"<div class=\"cell auto-size\">\n<div class=\"set-border bd-gray padding10 margin10 no-margin-right no-margin-left \" dir=\"ltr\">\n<p>La Facult\u00e9 des Sciences et Techniques de l&#8217;Universit\u00e9 de Nouakchott a lanc\u00e9 mardi une journ\u00e9e nationale de sensibilisation sur le programme Erasmus, qui est le cadre de l&#8217;Union europ\u00e9enne pour la coop\u00e9ration dans les domaines de l&#8217;\u00e9ducation, de la formation et de l&#8217;encadrement.<\/p>\n<p>Cette journ\u00e9e sera l&#8217;occasion pour la d\u00e9l\u00e9gation de l&#8217;Union europ\u00e9enne en Mauritanie de faire le point sur les r\u00e9sultats du partenariat existant dans le domaine de l&#8217;enseignement sup\u00e9rieur et de la recherche scientifique.<\/p>\n<p>Intervenant au nom du ministre de l&#8217;Enseignement sup\u00e9rieur et de la Recherche scientifique, le recteur de l&#8217;universit\u00e9 de Nouakchott, Ali Mohamed Salem El-Boukhari, a soulign\u00e9 l&#8217;importance de ce forum qui contribuera \u00e0 l&#8217;am\u00e9lioration de l&#8217;expertise dans le domaine de l&#8217;\u00e9ducation, de la formation et de l&#8217;encadrement, ajoutant que ce programme est le fruit du partenariat entre la Mauritanie et l&#8217;Union europ\u00e9enne en mati\u00e8re d&#8217;enseignement sup\u00e9rieur et de formation continue, ce qui se r\u00e9percutera positivement sur le niveau des professeurs et des \u00e9tudiants.<\/p>\n<p>Il a pr\u00e9cis\u00e9 que cette rencontre vise \u00e0 assurer l&#8217;utilisation efficace des diff\u00e9rents \u00e9tablissements nationaux d&#8217;enseignement sup\u00e9rieur des programmes Erasmus de l&#8217;UE et \u00e0 leur fournir des informations suppl\u00e9mentaires sur les programmes et les invitations lanc\u00e9s dans le cadre de la nouvelle strat\u00e9gie de coop\u00e9ration (20272021).<\/p>\n<p>Le recteur a soulign\u00e9 que la mise en \u0153uvre effective de la strat\u00e9gie de travail avec l&#8217;Union europ\u00e9enne permettra de cr\u00e9er de nouvelles opportunit\u00e9s de coop\u00e9ration en \u00e9tablissant et en soutenant des partenariats institutionnels entre les \u00e9tablissements d&#8217;enseignement sup\u00e9rieur \u00e0 travers l&#8217;\u00e9change de professeurs et d&#8217;\u00e9tudiants, en s&#8217;appuyant sur ce qui a \u00e9t\u00e9 r\u00e9alis\u00e9 dans le cadre de la coop\u00e9ration conjointe avec l&#8217;Union europ\u00e9enne dans les domaines de l&#8217;\u00e9ducation, de la formation, de la jeunesse et des sports au cours des 30 derni\u00e8res ann\u00e9es.<\/p>\n<p>Le recteur de l&#8217;Universit\u00e9 de Nouakchott a soulign\u00e9 que le secteur de l&#8217;enseignement sup\u00e9rieur en Mauritanie a connu une ouverture sur le monde et un d\u00e9veloppement de toutes ses institutions au niveau national. Il a soulign\u00e9 que le secteur de l&#8217;enseignement sup\u00e9rieur en Mauritanie a connu une ouverture sur le monde et un d\u00e9veloppement de toutes ses institutions au niveau national.<\/p>\n<p>Pour sa part, l&#8217;ambassadeur chef de la d\u00e9l\u00e9gation de l&#8217;Union europ\u00e9enne en Mauritanie, SEM. Joaquin Tasso Vilallonga, a exprim\u00e9 son grand plaisir d&#8217;assister \u00e0 la deuxi\u00e8me \u00e9dition de la Journ\u00e9e nationale d\u2019information sur le programme Erasmus, qui constitue, a-t-il dit, une intervention phare de l\u2019UE en mati\u00e8re d\u2019enseignement sup\u00e9rieur. Il a pr\u00e9cis\u00e9 que ce programme couvre la p\u00e9riode 2021-2027 pour soutenir l&#8217;\u00e9ducation, la formation, la jeunesse et les sports et qu\u2019il offre de nombreuses possibilit\u00e9s aux \u00e9tudiants, aux enseignants et aux membres des \u00e9tablissements d&#8217;enseignement sup\u00e9rieur.<\/p>\n<p>Il a indiqu\u00e9 que 104 Mauritaniens ont d\u00e9j\u00e0 b\u00e9n\u00e9fici\u00e9 de ce programme et que pour l\u2019ann\u00e9e en cours, de nombreux \u00e9tudiants mauritaniens ont d\u00e9j\u00e0 \u00e9t\u00e9 s\u00e9lectionn\u00e9s pour en b\u00e9n\u00e9ficier.<\/p>\n<p>Toutefois, il a fait observer que la Mauritanie demeure encore absente des autres opportunit\u00e9s d\u2019Erasmus tels que le renforcement de la formation technique professionnelle, les masters conjoints, les \u00e9changes virtuels et la actions Jean Monnet.<\/p>\n<p>Il a exprim\u00e9 son d\u00e9sir de voir augmenter le nombre d\u2019\u00e9tudiants et enseignants mauritaniens qui acc\u00e8dent \u00e0 des bourses d\u2019\u00e9tude en Europe, r\u00e9v\u00e9lant l\u2019ouverture pour l\u2019Afrique sub-saharienne d\u2019une nouvelle opportunit\u00e9 au travers de la fen\u00eatre de pr\u00e9sentation des projets pour le renforcement des capacit\u00e9s dans le domaine de la jeunesse.<\/p>\n<\/div>\n<\/div>\n","protected":false},"excerpt":{"rendered":"<p>La Facult\u00e9 des Sciences et Techniques de l&#8217;Universit\u00e9 de Nouakchott a lanc\u00e9 mardi une journ\u00e9e nationale de sensibilisation sur le programme Erasmus, qui est le cadre de l&#8217;Union europ\u00e9enne pour la coop\u00e9ration dans les domaines de l&#8217;\u00e9ducation, de la formation et de l&#8217;encadrement. Cette journ\u00e9e sera l&#8217;occasion pour la d\u00e9l\u00e9gation de l&#8217;Union europ\u00e9enne en Mauritanie [&hellip;]<\/p>\n","protected":false},"author":10,"featured_media":259082,"comment_status":"open","ping_status":"open","sticky":false,"template":"","format":"standard","meta":{"footnotes":""},"categories":[63918,63957,63959],"tags":[],"class_list":["post-259081","post","type-post","status-publish","format-standard","has-post-thumbnail","hentry","category-autres","category-fil-dactualite","category-mauritanie"],"_links":{"self":[{"href":"https:\/\/ami.mr\/fr\/wp-json\/wp\/v2\/posts\/259081","targetHints":{"allow":["GET"]}}],"collection":[{"href":"https:\/\/ami.mr\/fr\/wp-json\/wp\/v2\/posts"}],"about":[{"href":"https:\/\/ami.mr\/fr\/wp-json\/wp\/v2\/types\/post"}],"author":[{"embeddable":true,"href":"https:\/\/ami.mr\/fr\/wp-json\/wp\/v2\/users\/10"}],"replies":[{"embeddable":true,"href":"https:\/\/ami.mr\/fr\/wp-json\/wp\/v2\/comments?post=259081"}],"version-history":[{"count":1,"href":"https:\/\/ami.mr\/fr\/wp-json\/wp\/v2\/posts\/259081\/revisions"}],"predecessor-version":[{"id":259083,"href":"https:\/\/ami.mr\/fr\/wp-json\/wp\/v2\/posts\/259081\/revisions\/259083"}],"wp:featuredmedia":[{"embeddable":true,"href":"https:\/\/ami.mr\/fr\/wp-json\/wp\/v2\/media\/259082"}],"wp:attachment":[{"href":"https:\/\/ami.mr\/fr\/wp-json\/wp\/v2\/media?parent=259081"}],"wp:term":[{"taxonomy":"category","embeddable":true,"href":"https:\/\/ami.mr\/fr\/wp-json\/wp\/v2\/categories?post=259081"},{"taxonomy":"post_tag","embeddable":true,"href":"https:\/\/ami.mr\/fr\/wp-json\/wp\/v2\/tags?post=259081"}],"curies":[{"name":"wp","href":"https:\/\/api.w.org\/{rel}","templated":true}]}}