{"id":259074,"date":"2024-11-19T14:20:12","date_gmt":"2024-11-19T14:20:12","guid":{"rendered":"https:\/\/ami.mr\/fr\/?p=259074"},"modified":"2024-11-19T14:20:12","modified_gmt":"2024-11-19T14:20:12","slug":"prestation-de-serment-dun-nouveau-membre-de-la-commission-de-lautorite-de-regulation-multisectorielle","status":"publish","type":"post","link":"https:\/\/ami.mr\/fr\/archives\/259074","title":{"rendered":"Prestation de serment d&#8217;un nouveau membre de la Commission de l&#8217;Autorit\u00e9 de r\u00e9gulation multisectorielle"},"content":{"rendered":"<p>M. Mohamed Ould Yargue\u00eft a pr\u00eat\u00e9 serment, mardi matin, en tant que membre de l&#8217;Autorit\u00e9 de r\u00e9gulation multisectorielle devant la Cour supr\u00eame, au cours d&#8217;une s\u00e9ance publique tenue sous la pr\u00e9sidence de M. Cheikh Ahmed Ould Sid\u2019Ahmed, pr\u00e9sident de la Cour, en pr\u00e9sence des pr\u00e9sidents de ses chambres.<\/p>\n<p><img decoding=\"async\" class=\"size-medium wp-image-259076 alignleft\" src=\"https:\/\/ami.mr\/fr\/wp-content\/uploads\/2024\/11\/3G7A0471-300x200.jpg\" alt=\"\" width=\"300\" height=\"200\" srcset=\"https:\/\/ami.mr\/fr\/wp-content\/uploads\/2024\/11\/3G7A0471-300x200.jpg 300w, https:\/\/ami.mr\/fr\/wp-content\/uploads\/2024\/11\/3G7A0471-1024x683.jpg 1024w, https:\/\/ami.mr\/fr\/wp-content\/uploads\/2024\/11\/3G7A0471-768x512.jpg 768w, https:\/\/ami.mr\/fr\/wp-content\/uploads\/2024\/11\/3G7A0471-1536x1024.jpg 1536w, https:\/\/ami.mr\/fr\/wp-content\/uploads\/2024\/11\/3G7A0471-2048x1365.jpg 2048w\" sizes=\"(max-width: 300px) 100vw, 300px\" \/>Au d\u00e9but de la s\u00e9ance, le pr\u00e9sident de la Cour a demand\u00e9 au membre de lever la main droite et de pr\u00eater le serment suivant : \u00ab Je jure par Allah, l\u2019Unique, d\u2019accomplir ma mission avec sinc\u00e9rit\u00e9, et de l\u2019exercer en toute impartialit\u00e9 et int\u00e9grit\u00e9 conform\u00e9ment aux dispositions de la Charia islamique, de la Constitution et des lois, de pr\u00e9server le secret des d\u00e9lib\u00e9rations, de ne pas exprimer d\u2019avis particulier sur des questions qui rel\u00e8vent de la comp\u00e9tence de l\u2019autorit\u00e9 de r\u00e9gulation multisectorielle, et d\u2019agir en g\u00e9n\u00e9ral comme un d\u00e9fenseur honn\u00eate et fid\u00e8le du service public confi\u00e9 \u00e0 l\u2019autorit\u00e9 de r\u00e9gulation multisectorielle \u00bb.<\/p>\n<p>Le pr\u00e9sident de la Cour a ensuite annonc\u00e9 qu&#8217;il \u00e9tait install\u00e9 dans ses nouvelles fonctions de membre de l&#8217;Autorit\u00e9 de r\u00e9gulation multisectorielle.<\/p>\n<p>Le minist\u00e8re public \u00e9tait repr\u00e9sent\u00e9 par le juge Mohamed Mahmoud Isselmou Talha, procureur g\u00e9n\u00e9ral adjoint \u00e0 la Cour supr\u00eame, tandis que M. Mohamed Yeslem Khaled, premier greffier de la Cour supr\u00eame, \u00e9tait le greffier de la Cour.<\/p>\n<p>L&#8217;audience s&#8217;est d\u00e9roul\u00e9e en pr\u00e9sence du secr\u00e9taire g\u00e9n\u00e9ral de la Cour supr\u00eame, M. Amadou Youssouf Diallo, et de plusieurs membres du Conseil national de R\u00e9gulation.<\/p>\n","protected":false},"excerpt":{"rendered":"<p>M. Mohamed Ould Yargue\u00eft a pr\u00eat\u00e9 serment, mardi matin, en tant que membre de l&#8217;Autorit\u00e9 de r\u00e9gulation multisectorielle devant la Cour supr\u00eame, au cours d&#8217;une s\u00e9ance publique tenue sous la pr\u00e9sidence de M. Cheikh Ahmed Ould Sid\u2019Ahmed, pr\u00e9sident de la Cour, en pr\u00e9sence des pr\u00e9sidents de ses chambres. Au d\u00e9but de la s\u00e9ance, le pr\u00e9sident [&hellip;]<\/p>\n","protected":false},"author":10,"featured_media":259075,"comment_status":"open","ping_status":"open","sticky":false,"template":"","format":"standard","meta":{"footnotes":""},"categories":[63920,63957,63959],"tags":[],"class_list":["post-259074","post","type-post","status-publish","format-standard","has-post-thumbnail","hentry","category-a-la-une","category-fil-dactualite","category-mauritanie"],"_links":{"self":[{"href":"https:\/\/ami.mr\/fr\/wp-json\/wp\/v2\/posts\/259074","targetHints":{"allow":["GET"]}}],"collection":[{"href":"https:\/\/ami.mr\/fr\/wp-json\/wp\/v2\/posts"}],"about":[{"href":"https:\/\/ami.mr\/fr\/wp-json\/wp\/v2\/types\/post"}],"author":[{"embeddable":true,"href":"https:\/\/ami.mr\/fr\/wp-json\/wp\/v2\/users\/10"}],"replies":[{"embeddable":true,"href":"https:\/\/ami.mr\/fr\/wp-json\/wp\/v2\/comments?post=259074"}],"version-history":[{"count":1,"href":"https:\/\/ami.mr\/fr\/wp-json\/wp\/v2\/posts\/259074\/revisions"}],"predecessor-version":[{"id":259077,"href":"https:\/\/ami.mr\/fr\/wp-json\/wp\/v2\/posts\/259074\/revisions\/259077"}],"wp:featuredmedia":[{"embeddable":true,"href":"https:\/\/ami.mr\/fr\/wp-json\/wp\/v2\/media\/259075"}],"wp:attachment":[{"href":"https:\/\/ami.mr\/fr\/wp-json\/wp\/v2\/media?parent=259074"}],"wp:term":[{"taxonomy":"category","embeddable":true,"href":"https:\/\/ami.mr\/fr\/wp-json\/wp\/v2\/categories?post=259074"},{"taxonomy":"post_tag","embeddable":true,"href":"https:\/\/ami.mr\/fr\/wp-json\/wp\/v2\/tags?post=259074"}],"curies":[{"name":"wp","href":"https:\/\/api.w.org\/{rel}","templated":true}]}}