{"id":258986,"date":"2024-11-18T17:21:02","date_gmt":"2024-11-18T17:21:02","guid":{"rendered":"https:\/\/ami.mr\/fr\/?p=258986"},"modified":"2024-11-18T17:21:02","modified_gmt":"2024-11-18T17:21:02","slug":"kaedi-lancement-du-projet-dextension-du-projet-inaya-pour-ameliorer-les-services-de-sante-dans-6-nouvelles-wilayas","status":"publish","type":"post","link":"https:\/\/ami.mr\/fr\/archives\/258986","title":{"rendered":"Ka\u00e9di : lancement du projet d&#8217;extension du projet \u2019\u2019Inaya\u2019\u2019 pour am\u00e9liorer les services de sant\u00e9 dans 6 nouvelles wilayas"},"content":{"rendered":"<p>Le ministre de la Sant\u00e9, M. Abdallahi Wedih, en compagnie du wali du Gorgol, M. Ahmedna Ould Sidebe, a lanc\u00e9, lundi \u00e0 Ka\u00e9di, la nouvelle extension du projet \u2018\u2019Inaya\u2019\u2019 pour am\u00e9liorer les services de sant\u00e9 dans 6 nouvelles Wilayas.<\/p>\n<p>L&#8217;atelier marque le lancement effectif de l&#8217;approche de financement bas\u00e9 sur la performance dans le cadre du projet \u2018\u2019Inaya\u2019\u2019- Extension, qui comprend six nouvelles wilayas, \u00e0 savoir : Adrar, Trarza, Tagant, Gorgol, Brakna et Assaba, en plus des trois Wilayas couvertes par la premi\u00e8re phase du programme : les deux Hodhs et le Guidimakha.<\/p>\n<p>Cette phase du projet permettra de couvrir 82% des structures de sant\u00e9, ce qui aura un impact positif sur la modernisation et le renforcement du syst\u00e8me de sant\u00e9. Le financement bas\u00e9 sur la performance est l&#8217;une des principales approches pour am\u00e9liorer la qualit\u00e9 des services de sant\u00e9, favorisant la gestion d\u00e9centralis\u00e9e et introduisant des m\u00e9thodes organisationnelles innovantes pour g\u00e9rer les \u00e9tablissements de sant\u00e9.<\/p>\n<p>Dans son allocution pour la circonstance, le ministre a souhait\u00e9 la bienvenue aux invit\u00e9s dans l\u2019ancien quartier de Ka\u00e9di, choisi pour abriter cet \u00e9v\u00e9nement, soulignant que \u2018\u2019ce nouveau d\u00e9part constitue un pas \u00e0 la fois concret et efficace vers la mise en \u0153uvre du programme \u00e9lectoral de Son Excellence le Pr\u00e9sident de la R\u00e9publique, Monsieur Mohamed Ould Cheikh El Ghazouani, dans le domaine de la sant\u00e9, qui comprend la g\u00e9n\u00e9ralisation de l&#8217;approche du financement bas\u00e9 sur la performance dans toutes les structures de sant\u00e9 du pays\u2019\u2019, a \u2013 t \u2013 il pr\u00e9cis\u00e9.<\/p>\n<p>Il a ajout\u00e9 que l&#8217;importance de ce projet pour le d\u00e9veloppement du syst\u00e8me de sant\u00e9 en a fait l&#8217;une des priorit\u00e9s du gouvernement du Premier ministre, M. Mokhtar Ould Diaye, dans le cadre de l&#8217;action au cours des 100 premiers jours du gouvernement.<\/p>\n<p>Ould Wedih a exprim\u00e9 sa gratitude pour le partenariat entre le minist\u00e8re de la sant\u00e9 et l&#8217;Association internationale de d\u00e9veloppement (IDA), de la Banque mondiale, ainsi que d&#8217;autres partenaires sectoriels, pour leur soutien continu aux programmes de d\u00e9veloppement et aux strat\u00e9gies de sant\u00e9.<\/p>\n<p>De leur c\u00f4t\u00e9, le pr\u00e9sident de la r\u00e9gion du Gorgol, M. Abou Amadou Ba, et le maire de la commune de Ka\u00e9di, M. Demba N\u2019Diaye, ont souhait\u00e9 la bienvenue \u00e0 la d\u00e9l\u00e9gation accompagnant le ministre, soulignant que l&#8217;approche visant \u00e0 r\u00e9former le syst\u00e8me de sant\u00e9 accorde une attention particuli\u00e8re \u00e0 la qualit\u00e9 des services de sant\u00e9 en les contr\u00f4lant dans toutes les structures sanitaires de la Wilaya, appelant tous les partenaires \u00e0 intensifier leurs efforts pour faire du projet un succ\u00e8s.<\/p>\n<p>A son tour, le repr\u00e9sentant r\u00e9sident de la Banque Mondiale en Mauritanie, M. Abou Diouf, a salu\u00e9 les efforts d\u00e9ploy\u00e9s par les pouvoirs publics en vue de la r\u00e9ussite de cette approche dans les moughataas cibl\u00e9es, estimant que le lancement de l&#8217;extension de ce projet aujourd&#8217;hui \u00e0 six nouvelles moughataas contribuera sans nul doute \u00e0 l&#8217;am\u00e9lioration des services de sant\u00e9 fournis aux citoyens.<\/p>\n<p>En marge de l&#8217;\u00e9v\u00e9nement, le ministre a pr\u00e9sid\u00e9 une r\u00e9union avec les partenaires techniques et financiers autour du projet et ses objectifs.<\/p>\n<p>La c\u00e9r\u00e9monie de lancement s&#8217;est d\u00e9roul\u00e9e en pr\u00e9sence du hakem de Ka\u00e9di, du directeur r\u00e9gional de la Banque mondiale pour la sant\u00e9 en Afrique de l&#8217;Ouest, des pr\u00e9sidents des conseils r\u00e9gionaux des neuf Wilayas couvertes par le projet, de plusieurs \u00e9lus du Gorgol, de repr\u00e9sentants des organisations onusiennes accr\u00e9dit\u00e9es en Mauritanie, d&#8217;organisations de la soci\u00e9t\u00e9 civile des Wilayas o\u00f9 le projet intervient, en plus de plusieurs responsables sectoriels au niveau central et r\u00e9gional.<\/p>\n","protected":false},"excerpt":{"rendered":"<p>Le ministre de la Sant\u00e9, M. Abdallahi Wedih, en compagnie du wali du Gorgol, M. Ahmedna Ould Sidebe, a lanc\u00e9, lundi \u00e0 Ka\u00e9di, la nouvelle extension du projet \u2018\u2019Inaya\u2019\u2019 pour am\u00e9liorer les services de sant\u00e9 dans 6 nouvelles Wilayas. L&#8217;atelier marque le lancement effectif de l&#8217;approche de financement bas\u00e9 sur la performance dans le cadre [&hellip;]<\/p>\n","protected":false},"author":5,"featured_media":258987,"comment_status":"open","ping_status":"open","sticky":false,"template":"","format":"standard","meta":{"footnotes":""},"categories":[63920,63957,63923,8672],"tags":[],"class_list":["post-258986","post","type-post","status-publish","format-standard","has-post-thumbnail","hentry","category-a-la-une","category-fil-dactualite","category-slider-wilayas","category-8672"],"_links":{"self":[{"href":"https:\/\/ami.mr\/fr\/wp-json\/wp\/v2\/posts\/258986","targetHints":{"allow":["GET"]}}],"collection":[{"href":"https:\/\/ami.mr\/fr\/wp-json\/wp\/v2\/posts"}],"about":[{"href":"https:\/\/ami.mr\/fr\/wp-json\/wp\/v2\/types\/post"}],"author":[{"embeddable":true,"href":"https:\/\/ami.mr\/fr\/wp-json\/wp\/v2\/users\/5"}],"replies":[{"embeddable":true,"href":"https:\/\/ami.mr\/fr\/wp-json\/wp\/v2\/comments?post=258986"}],"version-history":[{"count":1,"href":"https:\/\/ami.mr\/fr\/wp-json\/wp\/v2\/posts\/258986\/revisions"}],"predecessor-version":[{"id":258988,"href":"https:\/\/ami.mr\/fr\/wp-json\/wp\/v2\/posts\/258986\/revisions\/258988"}],"wp:featuredmedia":[{"embeddable":true,"href":"https:\/\/ami.mr\/fr\/wp-json\/wp\/v2\/media\/258987"}],"wp:attachment":[{"href":"https:\/\/ami.mr\/fr\/wp-json\/wp\/v2\/media?parent=258986"}],"wp:term":[{"taxonomy":"category","embeddable":true,"href":"https:\/\/ami.mr\/fr\/wp-json\/wp\/v2\/categories?post=258986"},{"taxonomy":"post_tag","embeddable":true,"href":"https:\/\/ami.mr\/fr\/wp-json\/wp\/v2\/tags?post=258986"}],"curies":[{"name":"wp","href":"https:\/\/api.w.org\/{rel}","templated":true}]}}