{"id":258725,"date":"2024-11-15T00:45:54","date_gmt":"2024-11-15T00:45:54","guid":{"rendered":"https:\/\/ami.mr\/fr\/?p=258725"},"modified":"2024-11-15T00:45:54","modified_gmt":"2024-11-15T00:45:54","slug":"le-ministre-de-leconomie-la-qualite-des-travaux-et-le-respect-des-delais-sont-non-negociables-dans-le-cadre-du-programme-de-developpement-de-la-ville-de-nouakchott","status":"publish","type":"post","link":"https:\/\/ami.mr\/fr\/archives\/258725","title":{"rendered":"Le Ministre de l\u2019\u00c9conomie : la qualit\u00e9 des travaux et le respect des d\u00e9lais sont non n\u00e9gociables dans le cadre du programme de d\u00e9veloppement de la ville de Nouakchott"},"content":{"rendered":"<div class=\"row\"><\/div>\n<div class=\"row\">\n<div class=\"cell auto-size\">\n<div class=\"set-border bd-gray padding10 margin10 no-margin-right no-margin-left \" dir=\"ltr\">\n<p>Des membres du gouvernement ont comment\u00e9, jeudi soir, les r\u00e9sultats du conseil des ministres qui s\u2019est d\u00e9roul\u00e9 plus t\u00f4t dans l\u2019apr\u00e8s-midi. Il s\u2019agit des ministres de la Culture, des Arts, de la Communication et des Relations avec le Parlement, porte-parole du gouvernement, M. Houssein Ould Meddou, de l&#8217;Economie et des Finances, M. Sid&#8217;Ahmed Ould Bouh, de l&#8217;Hydraulique et de l&#8217;Assainissement, Mme Amal Mint Maouloud.<\/p>\n<p>Dans son mot introductif, le porte-parole du gouvernement a indiqu\u00e9 que le conseil a examin\u00e9 et approuv\u00e9 des projets de lois, de d\u00e9crets, et des communications dont ceux relatifs au r\u00e8glement d\u00e9finitif de la loi de finances 2023, le programme prioritaire de d\u00e9veloppement de Nouakchott et l\u2019\u00c9tat d\u2019ex\u00e9cution des chantiers du minist\u00e8re de l\u2019Hydraulique. Il a ensuite invit\u00e9 ses homologues, chacun en ce qui le concerne, \u00e0 apporter davantage de pr\u00e9cisions.<\/p>\n<p>A sa suite, le ministre de l\u2019Economie est revenu sur les grandes lignes du projet de loi portant r\u00e8glement d\u00e9finitif de la loi de finances 2023. Le ministre a d\u00e9clar\u00e9 qu\u2019il s\u2019agit d\u2019une exigence l\u00e9gale, en vertu de l\u2019article 44 de la loi relative aux Lois de Finances. A travers ce texte, le gouvernement vient justifier aupr\u00e8s de l\u2019assembl\u00e9e, l\u2019ex\u00e9cution du budget qu\u2019il a vot\u00e9 l\u2019ann\u00e9e derni\u00e8re. Le ministre a d\u00e9clar\u00e9 que l\u2019ex\u00e9cution a entrain\u00e9 un d\u00e9ficit de 10,64 milliards d\u2019Ouguiyas, soit 3,3% du produit int\u00e9rieur brut, hors les secteurs strat\u00e9giques.<\/p>\n<p>Toutefois, le ministre a relev\u00e9 que la rigueur qui a marqu\u00e9 l\u2019ex\u00e9cution du budget de l\u2019ann\u00e9e \u00e9coul\u00e9e, a permis de contenir le d\u00e9ficit global afin qu\u2019il se stabilise \u00e0 13% alors qu\u2019il \u00e9tait de 16% l\u2019ann\u00e9e d\u2019avant.<\/p>\n<p>Le ministre de l\u2019\u00c9conomie s\u2019est par ailleurs appesanti sur le programme prioritaire de d\u00e9veloppement de la ville de Nouakchott. Le ministre a d\u00e9clar\u00e9 que ce programme d\u2019urgence, doit changer la face de Nouakchott \u00e0 travers l\u2019am\u00e9lioration de l\u2019acc\u00e8s aux services de base, la construction et la r\u00e9habilitation des infrastructures pour l\u2019am\u00e9lioration de la qualit\u00e9 de vie. Il se veut aussi, selon le ministre, un moyen de contribuer \u00e0 l\u2019attractivit\u00e9 de la ville pour attirer davantage d\u2019investisseurs.<\/p>\n<p>Le ministre annonc\u00e9 que des directives ont \u00e9t\u00e9 donn\u00e9es par la plus haute autorit\u00e9 afin qu\u2019une politique de tol\u00e9rance z\u00e9ro soit observ\u00e9e, aussi bien en ce qui concerne le d\u00e9lai d\u2019ex\u00e9cution des travaux fix\u00e9 \u00e0 16 mois, que la qualit\u00e9 des r\u00e9alisations.<\/p>\n<p>D\u2019apr\u00e8s lui, une approche participative a \u00e9t\u00e9 mise en place. Ainsi les d\u00e9partements minist\u00e9riels, les walis, les maires, le conseil r\u00e9gional de Nouakchott, sont impliqu\u00e9s dans le suivi des travaux, via un comit\u00e9 interminist\u00e9riel pr\u00e9sid\u00e9 par le Premier ministre. Ledit comit\u00e9 est soutenu par un comit\u00e9 technique.<\/p>\n<p>Le ministre de l\u2019\u00c9conomie a pr\u00e9vu que les cahiers de charges devront \u00eatre scrupuleusement respect\u00e9s, et \u00e0 d\u00e9faut, les contrats seront rompus.<\/p>\n<p>Toujours au cours de sa pr\u00e9sentation, le ministre a rappel\u00e9 que le projet comprend plusieurs volets : le premier est relatif \u00e0 l\u2019Education nationale et dot\u00e9 d\u2019une enveloppe de 8,6 milliards MRO. Il pr\u00e9voit entre autres la r\u00e9habilitation et la construction de dizaines d\u2019\u00e9tablissements scolaires du primaire du secondaire.<\/p>\n<p>Le deuxi\u00e8me volet est d\u00e9di\u00e9 \u00e0 la Sant\u00e9, avec un budget de 9,41 milliards pour am\u00e9liorer l&#8217;acc\u00e8s aux services de sant\u00e9, notamment par la construction de 14 centres de sant\u00e9 et la transformation de points de sant\u00e9 en centres, ainsi que la r\u00e9habilitation de nombreuses infrastructures sanitaires.<\/p>\n<p>Le troisi\u00e8me volet vise \u00e0 garantir l&#8217;approvisionnement en eau potable dans tous les quartiers de la capitale et \u00e0 am\u00e9liorer l&#8217;assainissement.<\/p>\n<p>Le quatri\u00e8me volet est consacr\u00e9 \u00e0 l&#8217;\u00e9lectricit\u00e9, avec cinq chantiers pr\u00e9vus pour augmenter la production d&#8217;\u00e9nergie et \u00e9tendre les lignes \u00e9lectriques.<\/p>\n<p>Le cinqui\u00e8me volet concerne les infrastructures routi\u00e8res, avec un budget de 16,8 milliards pour le bitumage de 168 kilom\u00e8tres. Concernant le sixi\u00e8me volet, d\u00e9di\u00e9 \u00e0 la jeunesse et au sport, le ministre a indiqu\u00e9 qu&#8217;un budget de 2,1 milliards sera allou\u00e9 \u00e0 la construction d&#8217;infrastructures sportives, dont une salle polyvalente de 400 places, la construction et l\u2019\u00e9quipement du stade d\u2019El Mina avec des tribunes amovibles, idem pour le stade de Sebkha qui sera r\u00e9habilit\u00e9.<\/p>\n<p>Le septi\u00e8me volet concerne le d\u00e9veloppement durable, visant \u00e0 embellir la ville par l&#8217;am\u00e9nagement d&#8217;espaces verts et la transformation de zones mar\u00e9cageuses en parcs, ainsi que la r\u00e9alisation d&#8217;une \u0153uvre architecturale refl\u00e9tant la diversit\u00e9 culturelle du pays. Il est attendu dans ce volet, le reboisement de plusieurs espaces, dont celui situ\u00e9 le long de l\u2019ancien palais des congr\u00e8s.<\/p>\n<p>A son tour, la ministre de l\u2019Hydraulique est revenue sur les mesures urgentes prises par son d\u00e9partement au cours des trois derniers mois, afin de r\u00e9pondre aux questions li\u00e9es \u00e0 l\u2019acc\u00e8s \u00e0 l\u2019eau potable ainsi qu\u2019\u00e0 l\u2019assainissement. Elle a aussi expos\u00e9, par la m\u00eame occasion l\u2019\u00e9tat d\u2019avancement du plan d\u2019action de son minist\u00e8re.<\/p>\n<p>La ministre a d\u00e9clar\u00e9 que le plan d\u2019action s\u2019articule autour de cinq axes, qui visent d\u2019abord \u00e0 pr\u00e9server les ressources en eau existantes, tout en s\u2019attelant \u00e0 honorer les engagements du Pr\u00e9sident de la R\u00e9publique relatifs \u00e0 l\u2019approvisionnement en eau des zones rurales et urbaines.<\/p>\n<p>Selon la ministre, l\u2019approche adopt\u00e9e pour r\u00e9soudre les probl\u00e8mes d&#8217;eau en milieu rural, prenant en compte le nombre la d\u00e9mographie, en se basant sur les donn\u00e9es du dernier recensement de la population et de l\u2019habitat. Toujours au cours de son intervention, la ministre a annonc\u00e9 que 22 villes prioritaires ont \u00e9t\u00e9 d\u00e9sign\u00e9es pour b\u00e9n\u00e9ficier de plans sp\u00e9cifiques en 2025, notant qu\u2019\u00e0 termes, chaque capitale r\u00e9gion disposera d\u2019un plan d\u2019assainissement op\u00e9rationnel.<\/p>\n<p>Revenant sur les efforts fournis par son d\u00e9partement, durant la p\u00e9riode d\u2019hivernage, la ministre a indiqu\u00e9 que des \u00e9quipes ont \u00e9t\u00e9 d\u00e9ploy\u00e9es et des moyens mat\u00e9riels mobilis\u00e9s, afin d\u2019assurer l\u2019approvisionnement en eau potable des foyers sinistr\u00e9s.<\/p>\n<p>Pour ce qui est de Nouakchott, la ministre a soulign\u00e9 que des mesures ont \u00e9t\u00e9 prises pour augmenter les quantit\u00e9s d&#8217;eau disponibles et les distribuer de mani\u00e8re \u00e9quitable, limitant ainsi leurs impacts n\u00e9gatifs de la mont\u00e9e des eaux boueuses du fleuve S\u00e9n\u00e9gal sur la vie des citoyens en saison de pluie.<\/p>\n<p>En outre, la ministre a signal\u00e9 que le rapport qu\u2019elle a pr\u00e9sent\u00e9 en conseil des ministres, comprend d\u2019autres volets li\u00e9s \u00e0 la s\u00e9curisation et l\u2019am\u00e9lioration des infrastructures hydrauliques.<\/p>\n<p>La ministre a not\u00e9 que les d\u00e9fis sont souvent structurels, et que les mesures sont pens\u00e9es pour \u00eatre mises en \u0153uvre de fa\u00e7on progressive. S\u2019agissant des points de satisfaction, elle a mis en avant le projet d\u2019approvisionnement de Nouadhibou en eau potable, \u00e0 partir de la station de Boulenoir. D\u2019apr\u00e8s ses estimations, une mise en service est pr\u00e9vue pour le mois de mars prochain.<\/p>\n<p>De son c\u00f4t\u00e9, le ministre de la Culture par ailleurs porte-parole du gouvernement, a soulign\u00e9 qu\u2019il a \u00e9t\u00e9 d\u00e9sormais institu\u00e9 la pr\u00e9sentation d\u2019un rapport, tous les deux mois en conseil des ministres, sur l\u2019\u00e9tat d\u2019avancement des projets confi\u00e9s aux minist\u00e8res, ainsi que leurs plans d\u2019action.<\/p>\n<p>Avant de r\u00e9pondre aux questions, le porte-parole du gouvernement est revenu sur les points saillants du projet de d\u00e9cret relatif au soutien aux m\u00e9dias. Il a indiqu\u00e9 que le texte consacre l\u2019augmentation de l\u2019enveloppe \u00e0 400 millions MRO, contre les 200 millions l\u2019ann\u00e9e derni\u00e8re. Il s\u2019agit d\u2019apr\u00e8s lui, la mat\u00e9rialisation d\u2019un engagement du Pr\u00e9sident de la R\u00e9publique.<\/p>\n<p>Outre l\u2019aspect financier, il a d\u00e9clar\u00e9 que le texte d\u00e9finit les proc\u00e9dures, m\u00e9canismes et conditions d\u2019attribution des aides \u00e0 la presse. Le porte-parole a not\u00e9 une avanc\u00e9e majeure, en l\u2019occurrence la repr\u00e9sentation des femmes au niveau de l\u2019organe de gestion du fonds.<\/p>\n<p>Pour b\u00e9n\u00e9ficier de l\u2019aide du fonds, les m\u00e9dias priv\u00e9s devront respecter un cahier de charges. Pour ceux de la presse \u00e9crite, il a indiqu\u00e9 que l\u2019impression sera prise en charge. A cela s\u2019ajoute le soutien aux organisations li\u00e9es aux m\u00e9dias.<\/p>\n<p>R\u00e9pondant \u00e0 une question concernant les relations entre la Mauritanie et la Russie, le porte-parole du gouvernement a indiqu\u00e9 qu\u2019elles sont bonnes, fond\u00e9es sur le respect mutuel. Il a pr\u00e9cis\u00e9 que le Pr\u00e9sident de la R\u00e9publique, a particip\u00e9 derni\u00e8rement au sommet des BRICS, notant \u00e9galement que le ministre des Affaires \u00e9trang\u00e8res s\u2019\u00e9tait lui rendu \u00e0 Sotchi.<\/p>\n<p>Le porte-parole du gouvernement a saisi l\u2019occasion pour r\u00e9futer les rumeurs qui ont circul\u00e9 sur les r\u00e9seaux sociaux, notant qu\u2019elles sont contraires \u00e0 la diplomatie du pays, qui \u00e9vite toute ing\u00e9rence dans les affaires int\u00e9rieures d\u2019autres pays.<\/p>\n<p>S\u2019agissant de la prochaine \u00e9dition du festival des villes du patrimoine, le ministre a indiqu\u00e9 que les pr\u00e9paratifs vont bon train. Il a affirm\u00e9 que le programme se d\u00e9roulera du 13 au 17 d\u00e9cembre \u00e0 Chinguetti.<\/p>\n<\/div>\n<\/div>\n<\/div>\n","protected":false},"excerpt":{"rendered":"<p>Des membres du gouvernement ont comment\u00e9, jeudi soir, les r\u00e9sultats du conseil des ministres qui s\u2019est d\u00e9roul\u00e9 plus t\u00f4t dans l\u2019apr\u00e8s-midi. Il s\u2019agit des ministres de la Culture, des Arts, de la Communication et des Relations avec le Parlement, porte-parole du gouvernement, M. Houssein Ould Meddou, de l&#8217;Economie et des Finances, M. Sid&#8217;Ahmed Ould Bouh, [&hellip;]<\/p>\n","protected":false},"author":8,"featured_media":258728,"comment_status":"open","ping_status":"open","sticky":false,"template":"","format":"standard","meta":{"footnotes":""},"categories":[63957,25,63921,63926],"tags":[],"class_list":["post-258725","post","type-post","status-publish","format-standard","has-post-thumbnail","hentry","category-fil-dactualite","category-25","category-slider-afficher","category-slider-general"],"_links":{"self":[{"href":"https:\/\/ami.mr\/fr\/wp-json\/wp\/v2\/posts\/258725","targetHints":{"allow":["GET"]}}],"collection":[{"href":"https:\/\/ami.mr\/fr\/wp-json\/wp\/v2\/posts"}],"about":[{"href":"https:\/\/ami.mr\/fr\/wp-json\/wp\/v2\/types\/post"}],"author":[{"embeddable":true,"href":"https:\/\/ami.mr\/fr\/wp-json\/wp\/v2\/users\/8"}],"replies":[{"embeddable":true,"href":"https:\/\/ami.mr\/fr\/wp-json\/wp\/v2\/comments?post=258725"}],"version-history":[{"count":1,"href":"https:\/\/ami.mr\/fr\/wp-json\/wp\/v2\/posts\/258725\/revisions"}],"predecessor-version":[{"id":258729,"href":"https:\/\/ami.mr\/fr\/wp-json\/wp\/v2\/posts\/258725\/revisions\/258729"}],"wp:featuredmedia":[{"embeddable":true,"href":"https:\/\/ami.mr\/fr\/wp-json\/wp\/v2\/media\/258728"}],"wp:attachment":[{"href":"https:\/\/ami.mr\/fr\/wp-json\/wp\/v2\/media?parent=258725"}],"wp:term":[{"taxonomy":"category","embeddable":true,"href":"https:\/\/ami.mr\/fr\/wp-json\/wp\/v2\/categories?post=258725"},{"taxonomy":"post_tag","embeddable":true,"href":"https:\/\/ami.mr\/fr\/wp-json\/wp\/v2\/tags?post=258725"}],"curies":[{"name":"wp","href":"https:\/\/api.w.org\/{rel}","templated":true}]}}