{"id":258722,"date":"2024-11-14T22:27:12","date_gmt":"2024-11-14T22:27:12","guid":{"rendered":"https:\/\/ami.mr\/fr\/?p=258722"},"modified":"2024-11-14T22:27:12","modified_gmt":"2024-11-14T22:27:12","slug":"destruction-a-aioun-dune-quantite-de-stupefiants-et-de-substances-psychotropes","status":"publish","type":"post","link":"https:\/\/ami.mr\/fr\/archives\/258722","title":{"rendered":"Destruction \u00e0 A\u00efoun d&#8217;une quantit\u00e9 de stup\u00e9fiants et de substances psychotropes"},"content":{"rendered":"<div class=\"row\"><\/div>\n<div class=\"row\">\n<div class=\"cell auto-size\">\n<div class=\"set-border bd-gray padding10 margin10 no-margin-right no-margin-left \" dir=\"ltr\">\n<p>Le wali du Hodh El-GHarby, M. Ahmeda Mamadou Kelly, en compagnie du directeur g\u00e9n\u00e9ral adjoint du bureau de gestion des avoirs gel\u00e9s et saisis au minist\u00e8re de la Justice, M. Ahmedou Mohamed Mahmoud, et en pr\u00e9sence du procureur pr\u00e8s le tribunal de la wilaya, le magistrat Cheikh Baye Ould Sayid, a proc\u00e9d\u00e9, jeudi, dans la p\u00e9riph\u00e9rie de la ville d\u2019A\u00efoun, \u00e0 la destruction d&#8217;une quantit\u00e9 de stup\u00e9fiants et de substances psychotropes.<\/p>\n<p>Dans une d\u00e9claration au bureau de l&#8217;Agence Mauritanienne d\u2019Information, le directeur g\u00e9n\u00e9ral adjoint a indiqu\u00e9 que cette op\u00e9ration est l&#8217;aboutissement des efforts des autorit\u00e9s judiciaires et s\u00e9curitaires au niveau de la wilaya, ainsi que des efforts des diff\u00e9rents organismes nationaux charg\u00e9s de la lutte contre la criminalit\u00e9.<\/p>\n<p>Il a ajout\u00e9 que cette mesure s&#8217;inscrit dans le cadre de la mise en \u0153uvre sur le terrain de la politique nationale visant \u00e0 r\u00e9primer la criminalit\u00e9 et \u00e0 emp\u00eacher les auteurs de b\u00e9n\u00e9ficier du produit de leurs activit\u00e9s l\u00e9galement criminalis\u00e9es, soulignant que ces quantit\u00e9s de stup\u00e9fiants et de substances psychotropes ont \u00e9t\u00e9 saisies au cours de l\u2019ann\u00e9e 2024.<\/p>\n<\/div>\n<\/div>\n<\/div>\n","protected":false},"excerpt":{"rendered":"<p>Le wali du Hodh El-GHarby, M. Ahmeda Mamadou Kelly, en compagnie du directeur g\u00e9n\u00e9ral adjoint du bureau de gestion des avoirs gel\u00e9s et saisis au minist\u00e8re de la Justice, M. Ahmedou Mohamed Mahmoud, et en pr\u00e9sence du procureur pr\u00e8s le tribunal de la wilaya, le magistrat Cheikh Baye Ould Sayid, a proc\u00e9d\u00e9, jeudi, dans la [&hellip;]<\/p>\n","protected":false},"author":8,"featured_media":258723,"comment_status":"open","ping_status":"open","sticky":false,"template":"","format":"standard","meta":{"footnotes":""},"categories":[63918,63957],"tags":[],"class_list":["post-258722","post","type-post","status-publish","format-standard","has-post-thumbnail","hentry","category-autres","category-fil-dactualite"],"_links":{"self":[{"href":"https:\/\/ami.mr\/fr\/wp-json\/wp\/v2\/posts\/258722","targetHints":{"allow":["GET"]}}],"collection":[{"href":"https:\/\/ami.mr\/fr\/wp-json\/wp\/v2\/posts"}],"about":[{"href":"https:\/\/ami.mr\/fr\/wp-json\/wp\/v2\/types\/post"}],"author":[{"embeddable":true,"href":"https:\/\/ami.mr\/fr\/wp-json\/wp\/v2\/users\/8"}],"replies":[{"embeddable":true,"href":"https:\/\/ami.mr\/fr\/wp-json\/wp\/v2\/comments?post=258722"}],"version-history":[{"count":1,"href":"https:\/\/ami.mr\/fr\/wp-json\/wp\/v2\/posts\/258722\/revisions"}],"predecessor-version":[{"id":258724,"href":"https:\/\/ami.mr\/fr\/wp-json\/wp\/v2\/posts\/258722\/revisions\/258724"}],"wp:featuredmedia":[{"embeddable":true,"href":"https:\/\/ami.mr\/fr\/wp-json\/wp\/v2\/media\/258723"}],"wp:attachment":[{"href":"https:\/\/ami.mr\/fr\/wp-json\/wp\/v2\/media?parent=258722"}],"wp:term":[{"taxonomy":"category","embeddable":true,"href":"https:\/\/ami.mr\/fr\/wp-json\/wp\/v2\/categories?post=258722"},{"taxonomy":"post_tag","embeddable":true,"href":"https:\/\/ami.mr\/fr\/wp-json\/wp\/v2\/tags?post=258722"}],"curies":[{"name":"wp","href":"https:\/\/api.w.org\/{rel}","templated":true}]}}