{"id":258453,"date":"2024-11-11T19:30:41","date_gmt":"2024-11-11T19:30:41","guid":{"rendered":"https:\/\/ami.mr\/fr\/?p=258453"},"modified":"2024-11-11T19:30:41","modified_gmt":"2024-11-11T19:30:41","slug":"assemblee-nationale-proces-verbal-de-la-conference-des-presidents-2","status":"publish","type":"post","link":"https:\/\/ami.mr\/fr\/archives\/258453","title":{"rendered":"Assembl\u00e9e nationale : proc\u00e8s-verbal de la conf\u00e9rence des pr\u00e9sidents"},"content":{"rendered":"<div class=\"cell auto-size\">\n<div class=\"set-border bd-gray padding10 margin10 no-margin-right no-margin-left \" dir=\"ltr\">\n<p>La conf\u00e9rence des Pr\u00e9sidents s\u2019est r\u00e9unie le lundi 11 novembre 2024, sous la pr\u00e9sidence de Monsieur Mohamed Bemba Meguett, Pr\u00e9sident de l\u2019Assembl\u00e9e Nationale.<\/p>\n<p>Le gouvernement \u00e9tait repr\u00e9sent\u00e9 \u00e0 cette r\u00e9union par monsieur El Houssein Ould Medou, ministre de la Culture, des Arts, de la Communication et des Relations avec le Parlement, porte-parole du gouvernement.<\/p>\n<p>Au cours de cette r\u00e9union, la conf\u00e9rence des pr\u00e9sidents a pris connaissance du projet de loi de finances initiale pour l\u2019ann\u00e9e 2025, portant le num\u00e9ro 24-038, soumis par le gouvernement.<\/p>\n<p>La Conf\u00e9rence des Pr\u00e9sidents a d\u00e9cid\u00e9 de renvoyer le projet de loi susmentionn\u00e9 \u00e0 la Commission des Finances, pour \u00e9tude sur le fond.<\/p>\n<p>Elle a d\u00e9cid\u00e9, aussi, la programmation de la s\u00e9ance publique consacr\u00e9e \u00e0 la discussion et au vote dudit projet de loi pour le jeudi 26 d\u00e9cembre 2024 \u00e0 10 H.<\/p>\n<\/div>\n<\/div>\n","protected":false},"excerpt":{"rendered":"<p>La conf\u00e9rence des Pr\u00e9sidents s\u2019est r\u00e9unie le lundi 11 novembre 2024, sous la pr\u00e9sidence de Monsieur Mohamed Bemba Meguett, Pr\u00e9sident de l\u2019Assembl\u00e9e Nationale. Le gouvernement \u00e9tait repr\u00e9sent\u00e9 \u00e0 cette r\u00e9union par monsieur El Houssein Ould Medou, ministre de la Culture, des Arts, de la Communication et des Relations avec le Parlement, porte-parole du gouvernement. Au [&hellip;]<\/p>\n","protected":false},"author":5,"featured_media":258454,"comment_status":"open","ping_status":"open","sticky":false,"template":"","format":"standard","meta":{"footnotes":""},"categories":[63957,63959,63921,63927],"tags":[],"class_list":["post-258453","post","type-post","status-publish","format-standard","has-post-thumbnail","hentry","category-fil-dactualite","category-mauritanie","category-slider-afficher","category-slider-mauritanie"],"_links":{"self":[{"href":"https:\/\/ami.mr\/fr\/wp-json\/wp\/v2\/posts\/258453","targetHints":{"allow":["GET"]}}],"collection":[{"href":"https:\/\/ami.mr\/fr\/wp-json\/wp\/v2\/posts"}],"about":[{"href":"https:\/\/ami.mr\/fr\/wp-json\/wp\/v2\/types\/post"}],"author":[{"embeddable":true,"href":"https:\/\/ami.mr\/fr\/wp-json\/wp\/v2\/users\/5"}],"replies":[{"embeddable":true,"href":"https:\/\/ami.mr\/fr\/wp-json\/wp\/v2\/comments?post=258453"}],"version-history":[{"count":1,"href":"https:\/\/ami.mr\/fr\/wp-json\/wp\/v2\/posts\/258453\/revisions"}],"predecessor-version":[{"id":258455,"href":"https:\/\/ami.mr\/fr\/wp-json\/wp\/v2\/posts\/258453\/revisions\/258455"}],"wp:featuredmedia":[{"embeddable":true,"href":"https:\/\/ami.mr\/fr\/wp-json\/wp\/v2\/media\/258454"}],"wp:attachment":[{"href":"https:\/\/ami.mr\/fr\/wp-json\/wp\/v2\/media?parent=258453"}],"wp:term":[{"taxonomy":"category","embeddable":true,"href":"https:\/\/ami.mr\/fr\/wp-json\/wp\/v2\/categories?post=258453"},{"taxonomy":"post_tag","embeddable":true,"href":"https:\/\/ami.mr\/fr\/wp-json\/wp\/v2\/tags?post=258453"}],"curies":[{"name":"wp","href":"https:\/\/api.w.org\/{rel}","templated":true}]}}