{"id":258355,"date":"2024-11-10T12:37:23","date_gmt":"2024-11-10T12:37:23","guid":{"rendered":"https:\/\/ami.mr\/fr\/?p=258355"},"modified":"2024-11-11T12:07:20","modified_gmt":"2024-11-11T12:07:20","slug":"le-ministre-des-affaires-etrangeres-participe-a-la-premiere-edition-du-forum-ministeriel-afrique-russie","status":"publish","type":"post","link":"https:\/\/ami.mr\/fr\/archives\/258355","title":{"rendered":"Le ministre des Affaires \u00e9trang\u00e8res participe \u00e0 la premi\u00e8re \u00e9dition du Forum minist\u00e9riel Afrique-Russie"},"content":{"rendered":"<p>Le ministre des Affaires \u00e9trang\u00e8res, de la Coop\u00e9ration africaine et des Mauritaniens de l\u2019Ext\u00e9rieur, M. Mohamed Salem Ould Merzoug, a particip\u00e9 ce dimanche \u00e0 la premi\u00e8re \u00e9dition du forum minist\u00e9riel Afrique-Russie, qui s\u2019est tenue \u00e0 Sotchi, en Russie.<\/p>\n<p>Lors de l\u2019ouverture officielle du forum, le ministre a lu le discours du Pr\u00e9sident de la R\u00e9publique, Son Excellence Monsieur Mohamed Ould Cheikh El Ghazouani, Pr\u00e9sident en exercice de l\u2019Union Africaine, dans lequel il a soulign\u00e9 l\u2019importance du partenariat entre L\u2019Afrique et la Russie, qui a d\u00e9montr\u00e9 son efficacit\u00e9 tout au long de l\u2019histoire. Dans ce discours, le pr\u00e9sident de la R\u00e9publique a appel\u00e9 \u00e0 la prise en compte de l\u2019Agenda 2063 de l\u2019Union Africaine dans tous les partenariats, ainsi qu\u2019\u00e0 l\u2019\u00e9quit\u00e9 envers l\u2019Afrique en lui donnant la place qui lui revient dans le syst\u00e8me de gouvernance mondiale.<\/p>\n<p>La c\u00e9r\u00e9monie d\u2019ouverture s\u2019est d\u00e9roul\u00e9e en Pr\u00e9sence de M. Ahmed Salem Bede Etvagha, ministre de la Transformation num\u00e9rique et de la Modernisation de l\u2019Administration, M. Demane Ould Hemmar, ambassadeur de la Mauritanie aupr\u00e8s de la F\u00e9d\u00e9ration de Russie, M. Enwi Ould Cheikh, secr\u00e9taire g\u00e9n\u00e9ral du minist\u00e8re de l\u2019Enseignement sup\u00e9rieur et de la Recherche scientifique, M. Mohamed Hanchi Ould Ketab, ambassadeur directeur g\u00e9n\u00e9ral de la coop\u00e9ration bilat\u00e9rale au minist\u00e8re des Affaires \u00e9trang\u00e8res et M. Ahmed Ould Mouhamada, ambassadeur directeur g\u00e9n\u00e9ral de la coop\u00e9ration multilat\u00e9rale.<\/p>\n","protected":false},"excerpt":{"rendered":"<p>Le ministre des Affaires \u00e9trang\u00e8res, de la Coop\u00e9ration africaine et des Mauritaniens de l\u2019Ext\u00e9rieur, M. Mohamed Salem Ould Merzoug, a particip\u00e9 ce dimanche \u00e0 la premi\u00e8re \u00e9dition du forum minist\u00e9riel Afrique-Russie, qui s\u2019est tenue \u00e0 Sotchi, en Russie. Lors de l\u2019ouverture officielle du forum, le ministre a lu le discours du Pr\u00e9sident de la R\u00e9publique, [&hellip;]<\/p>\n","protected":false},"author":16,"featured_media":258356,"comment_status":"open","ping_status":"open","sticky":false,"template":"","format":"standard","meta":{"footnotes":""},"categories":[63920,63957,25,63926],"tags":[],"class_list":["post-258355","post","type-post","status-publish","format-standard","has-post-thumbnail","hentry","category-a-la-une","category-fil-dactualite","category-25","category-slider-general"],"_links":{"self":[{"href":"https:\/\/ami.mr\/fr\/wp-json\/wp\/v2\/posts\/258355","targetHints":{"allow":["GET"]}}],"collection":[{"href":"https:\/\/ami.mr\/fr\/wp-json\/wp\/v2\/posts"}],"about":[{"href":"https:\/\/ami.mr\/fr\/wp-json\/wp\/v2\/types\/post"}],"author":[{"embeddable":true,"href":"https:\/\/ami.mr\/fr\/wp-json\/wp\/v2\/users\/16"}],"replies":[{"embeddable":true,"href":"https:\/\/ami.mr\/fr\/wp-json\/wp\/v2\/comments?post=258355"}],"version-history":[{"count":1,"href":"https:\/\/ami.mr\/fr\/wp-json\/wp\/v2\/posts\/258355\/revisions"}],"predecessor-version":[{"id":258357,"href":"https:\/\/ami.mr\/fr\/wp-json\/wp\/v2\/posts\/258355\/revisions\/258357"}],"wp:featuredmedia":[{"embeddable":true,"href":"https:\/\/ami.mr\/fr\/wp-json\/wp\/v2\/media\/258356"}],"wp:attachment":[{"href":"https:\/\/ami.mr\/fr\/wp-json\/wp\/v2\/media?parent=258355"}],"wp:term":[{"taxonomy":"category","embeddable":true,"href":"https:\/\/ami.mr\/fr\/wp-json\/wp\/v2\/categories?post=258355"},{"taxonomy":"post_tag","embeddable":true,"href":"https:\/\/ami.mr\/fr\/wp-json\/wp\/v2\/tags?post=258355"}],"curies":[{"name":"wp","href":"https:\/\/api.w.org\/{rel}","templated":true}]}}