{"id":258167,"date":"2024-11-06T22:05:20","date_gmt":"2024-11-06T22:05:20","guid":{"rendered":"https:\/\/ami.mr\/fr\/?p=258167"},"modified":"2024-11-06T22:05:20","modified_gmt":"2024-11-06T22:05:20","slug":"des-membres-du-gouvernement-commentent-les-travaux-du-conseil-des-ministres-25","status":"publish","type":"post","link":"https:\/\/ami.mr\/fr\/archives\/258167","title":{"rendered":"Des membres du Gouvernement commentent les travaux du conseil des ministres"},"content":{"rendered":"<p>Des membres du gouvernement ont comment\u00e9, mercredi apr\u00e8s-midi, les travaux du conseil des ministres tenu dans la matin\u00e9e. Il s\u2019agit du ministre de la Formation professionnelle, de l\u2019Artisanat et des M\u00e9tiers, porte-parole du gouvernement par int\u00e9rim, M. Melainine Ould Eyih, du ministre de l\u2019Economie et des Finances, M. Sid\u2019Ahmed Ould Bouh, et du ministre de l\u2019Environnement et du D\u00e9veloppement durable, Mme Messaouda Baham Mohamed Laghdaf.<\/p>\n<p>Dans son mot introductif, le porte-parole du gouvernement par int\u00e9rim, a indiqu\u00e9 que le conseil des ministres a \u00e9tudi\u00e9 et adopt\u00e9 plusieurs projets de lois, de d\u00e9crets et de communications. Parmi ces projets, un projet de loi portant ratification des statuts du Fonds de D\u00e9veloppement des Exportations en Afrique (FEDA HOLD Co), sign\u00e9s \u00e0 Nouakchott le 6 janvier 2021, un projet de d\u00e9cret portant application de la loi n\u00b02024-041, en date du 30 octobre 2024, abrogeant et rempla\u00e7ant la loi n\u00b02017-006, modifi\u00e9e et compl\u00e9t\u00e9e, relative au partenariat entre les secteurs public et priv\u00e9, et un projet de communication relative \u00e0 la campagne nationale 2024-2025 de lutte contre les feux de brousse.<\/p>\n<p>Lui succ\u00e9dant, le ministre de l\u2019\u00c9conomie et des Finances, M. Sid\u2019Ahmed Ould Bouh, a d\u00e9clar\u00e9 que le projet de loi abrogeant et rempla\u00e7ant la l\u00e9gislation pr\u00e9c\u00e9dente modifi\u00e9e et compl\u00e9t\u00e9e relative au partenariat public-priv\u00e9 aborde trois axes principaux.<\/p>\n<p>Le premier axe consiste en une explication des modalit\u00e9s d\u2019autorisation des m\u00e9canismes de partenariat public-priv\u00e9.<\/p>\n<p>Il a ajout\u00e9 que le second axe porte sur la r\u00e9affirmation du r\u00f4le strat\u00e9gique du Conseil des ministres en tant qu\u2019organe directeur stimulant l\u2019\u00e9conomie, particuli\u00e8rement dans l\u2019attribution des projets de partenariat public-priv\u00e9. Quant au troisi\u00e8me axe, il s\u2019agit d\u2019apporter des ajustements aux dossiers de candidatures et aux offres techniques et financi\u00e8res entre les candidats.<\/p>\n<p>Concernant le projet de loi autorisant la ratification des statuts du Fonds de d\u00e9veloppement des exportations en Afrique, le ministre de l\u2019\u00e9conomie et des finances a expliqu\u00e9 que ce fonds vise \u00e0 atteindre quatre objectifs : faciliter l\u2019acc\u00e8s au financement pour les entreprises exportatrices, encourager la diversification des produits export\u00e9s pour renforcer l\u2019industrialisation locale, soutenir les projets d\u2019infrastructures li\u00e9es aux exportations, et renforcer les capacit\u00e9s des entreprises africaines pour qu\u2019elles respectent les normes internationales en mati\u00e8re de comp\u00e9titivit\u00e9.<\/p>\n<p>Il a rappel\u00e9 le contexte mondial dans lequel ce d\u00e9cret intervient, visant \u00e0 dynamiser l\u2019\u00e9conomie, soulignant que le continent africain a longtemps souffert de plusieurs obstacles en raison de l\u2019absence de dynamisme \u00e9conomique, avant la cr\u00e9ation d\u2019une zone de libre-\u00e9change pour garantir les \u00e9changes d\u2019exportations et d\u2019importations, soulignant l\u2019importance pour la Mauritanie de ratifier ce projet et d\u2019adh\u00e9rer aux pays membres du fonds pour faciliter son acc\u00e8s aux march\u00e9s internationaux.<\/p>\n<p>En r\u00e9ponse \u00e0 une question concernant la d\u00e9cision de Son Excellence le Pr\u00e9sident de la R\u00e9publique d\u2019allouer 50 milliards d\u2019anciennes ouguiyas pour faire de Nouakchott une ville moderne, le ministre a affirm\u00e9 que le plan inclut l\u2019approvisionnement en eau de tous les quartiers de Nouakchott, avec la construction de 137 km de routes, dont un p\u00e9riph\u00e9rique de 50 km autour de la capitale pour fluidifier la circulation, ainsi que 70 km dans divers quartiers de la ville et 17 km pour l\u2019extension de la route reliant l\u2019a\u00e9roport Oumtounsy \u00e0 Tevragh-Zeina. Le plan pr\u00e9voit \u00e9galement la cr\u00e9ation de 400 infrastructures d\u2019enseignement et de 40 centres de sant\u00e9.<\/p>\n<p>Il a pr\u00e9cis\u00e9 que le projet sera ex\u00e9cut\u00e9 dans un temps record de 16 mois et se fera en partenariat avec les maires de Nouakchott, saluant cette d\u00e9cision sans pr\u00e9c\u00e9dent et appelant tous \u00e0 \u0153uvrer pour sa r\u00e9ussite.<\/p>\n<p>Pour sa part, la ministre de l\u2019Environnement et du D\u00e9veloppement durable, Mme Messaouda Baham Mohamed Laghdaf, a d\u00e9clar\u00e9 que la communication qu\u2019elle a pr\u00e9sent\u00e9e au conseil des ministres relative \u00e0 la campagne nationale de lutte contre les incendies, comprend trois volets \u00e0 savoir l\u2019\u00e9tat des lieux des feux de brousse, les efforts d\u2019intervention et enfin les mesures de pr\u00e9vention.<\/p>\n<p>S\u2019agissant de l\u2019\u00e9tat des lieux, elle a fait \u00e9tat de 64 cas de feux de brousse qui ont \u00e9t\u00e9 enregistr\u00e9s, consumant ainsi 390 km\u00b2, pr\u00e9cisant que les r\u00e9sultats obtenus jusqu\u2019\u00e0 pr\u00e9sent sont satisfaisants en termes de rapidit\u00e9 d\u2019intervention et de la baisse du nombre d\u2019incendies par rapport \u00e0 l\u2019ann\u00e9e pr\u00e9c\u00e9dente qui ont touch\u00e9s environ 500 km\u00b2.<\/p>\n<p>Au sujet du dispositif pr\u00e9ventif, elle a affirm\u00e9 que la campagne actuelle pr\u00e9voit la cr\u00e9ation de 900 km bandes pare-feu, avec un taux d\u2019ex\u00e9cution de 55 % \u00e0 ce jour. Elle a \u00e9galement indiqu\u00e9 que les travaux ont d\u00e9but\u00e9 pour la composante de l\u2019entretien du dispositif existant en la mati\u00e8re, qui devrait couvrir plus de 700 km, en d\u00e9pit des nombreuses difficult\u00e9s. Par ailleurs, des efforts sont men\u00e9s pour impliquer les organisations de la soci\u00e9t\u00e9 civile, des populations locales dans la strat\u00e9gie de pr\u00e9vention.<\/p>\n<p>Elle a ajout\u00e9 que les autres volets de la campagne, relatifs \u00e0 la sensibilisation et \u00e0 la mobilisation, se poursuivent. Dans ce dernier domaine, nous avons pu agir pour \u00e9teindre des incendies en moins de 24 heures gr\u00e2ce aux efforts conjugu\u00e9s des diff\u00e9rents acteurs impliqu\u00e9s, y compris les populations locales. Elle a pr\u00e9cis\u00e9 que cette ann\u00e9e, la campagne inclut la wilaya de Tagant, en plus des quatre r\u00e9gions de la vall\u00e9e (le Guidimakha, le Gorgol, le Brakna, le Trarza) ainsi que les deux Hodhs et l\u2019Assaba.<\/p>\n<p>Par ailleurs, le porte-parole du Gouvernement a r\u00e9pondu \u00e0 un ensemble de questions des journalistes sur des sujets divers.<\/p>\n<p>C\u2019est notamment, une question relative aux d\u00e9g\u00e2ts caus\u00e9s par la mont\u00e9e des eaux du fleuve, au sujet de laquelle il a pr\u00e9cis\u00e9 que l\u2019Etat a mis en place un plan ambitieux pour att\u00e9nuer ces dommages, en mobilisant des \u00e9quipes de terrain dans les zones touch\u00e9es, incluant tous les secteurs concern\u00e9s dot\u00e9s de tous les \u00e9quipements n\u00e9cessaires, ainsi que les autorit\u00e9s administratives et militaires de la place.<\/p>\n<p>\u00c9tant donn\u00e9 que l\u2019agriculture a \u00e9t\u00e9 le principal domaine touch\u00e9, il a indiqu\u00e9 que le minist\u00e8re de<\/p>\n<p>L\u2019agriculture s\u2019emploie \u00e0 trouver des solutions aux d\u00e9g\u00e2ts caus\u00e9s au secteur agricole dans la zone.<\/p>\n<p>Concernant la protestation de certains enseignants au sujet des nouvelles mesures en mati\u00e8re d\u2019affectation des personnels, le ministre a soulign\u00e9 que l\u2019ouverture de l\u2019ann\u00e9e scolaire s\u2019est pass\u00e9e dans de bonnes conditions, tant en termes d\u2019infrastructures que de r\u00e9partition des enseignants, cette derni\u00e8re s\u2019\u00e9tant d\u00e9roul\u00e9e de la meilleure fa\u00e7on possible selon des crit\u00e8res clairs fix\u00e9s par le d\u00e9partement, qui a ouvert ses portes pour recevoir les plaintes de ceux qui s\u2019estiment vis\u00e9s.<\/p>\n","protected":false},"excerpt":{"rendered":"<p>Des membres du gouvernement ont comment\u00e9, mercredi apr\u00e8s-midi, les travaux du conseil des ministres tenu dans la matin\u00e9e. Il s\u2019agit du ministre de la Formation professionnelle, de l\u2019Artisanat et des M\u00e9tiers, porte-parole du gouvernement par int\u00e9rim, M. Melainine Ould Eyih, du ministre de l\u2019Economie et des Finances, M. Sid\u2019Ahmed Ould Bouh, et du ministre de [&hellip;]<\/p>\n","protected":false},"author":5,"featured_media":258168,"comment_status":"open","ping_status":"open","sticky":false,"template":"","format":"standard","meta":{"footnotes":""},"categories":[63957,63959,63921,63927],"tags":[],"class_list":["post-258167","post","type-post","status-publish","format-standard","has-post-thumbnail","hentry","category-fil-dactualite","category-mauritanie","category-slider-afficher","category-slider-mauritanie"],"_links":{"self":[{"href":"https:\/\/ami.mr\/fr\/wp-json\/wp\/v2\/posts\/258167","targetHints":{"allow":["GET"]}}],"collection":[{"href":"https:\/\/ami.mr\/fr\/wp-json\/wp\/v2\/posts"}],"about":[{"href":"https:\/\/ami.mr\/fr\/wp-json\/wp\/v2\/types\/post"}],"author":[{"embeddable":true,"href":"https:\/\/ami.mr\/fr\/wp-json\/wp\/v2\/users\/5"}],"replies":[{"embeddable":true,"href":"https:\/\/ami.mr\/fr\/wp-json\/wp\/v2\/comments?post=258167"}],"version-history":[{"count":1,"href":"https:\/\/ami.mr\/fr\/wp-json\/wp\/v2\/posts\/258167\/revisions"}],"predecessor-version":[{"id":258169,"href":"https:\/\/ami.mr\/fr\/wp-json\/wp\/v2\/posts\/258167\/revisions\/258169"}],"wp:featuredmedia":[{"embeddable":true,"href":"https:\/\/ami.mr\/fr\/wp-json\/wp\/v2\/media\/258168"}],"wp:attachment":[{"href":"https:\/\/ami.mr\/fr\/wp-json\/wp\/v2\/media?parent=258167"}],"wp:term":[{"taxonomy":"category","embeddable":true,"href":"https:\/\/ami.mr\/fr\/wp-json\/wp\/v2\/categories?post=258167"},{"taxonomy":"post_tag","embeddable":true,"href":"https:\/\/ami.mr\/fr\/wp-json\/wp\/v2\/tags?post=258167"}],"curies":[{"name":"wp","href":"https:\/\/api.w.org\/{rel}","templated":true}]}}