{"id":258014,"date":"2024-11-04T18:04:31","date_gmt":"2024-11-04T18:04:31","guid":{"rendered":"https:\/\/ami.mr\/fr\/?p=258014"},"modified":"2024-11-05T12:13:37","modified_gmt":"2024-11-05T12:13:37","slug":"le-ministre-secretaire-general-du-gouvernement-participe-a-la-12e-edition-du-fum","status":"publish","type":"post","link":"https:\/\/ami.mr\/fr\/archives\/258014","title":{"rendered":"Le ministre secr\u00e9taire g\u00e9n\u00e9ral de la Pr\u00e9sidence de la R\u00e9publique participe \u00e0 la 12\u00e8 \u00e9dition du FUM"},"content":{"rendered":"<div class=\"cell auto-size\">\n<div class=\"set-border bd-gray padding10 margin10 no-margin-right no-margin-left \" dir=\"ltr\">\n<p>La 12\u00e8me session du Forum Urbain Mondial (FUM) organis\u00e9e du 4 au 8 novembre 2024, au Caire (\u00c9gypte), sur le th\u00e8me \u00ab Tout commence chez-soi : Actions locales pour le d\u00e9veloppement durable des villes et communaut\u00e9s \u00bb a d\u00e9marr\u00e9 ses travaux lundi en pr\u00e9sence du ministre secr\u00e9taire g\u00e9n\u00e9ral de la Pr\u00e9sidence de la R\u00e9publique, M. Moulaye Ould Mohamed Laghdaf, repr\u00e9sentant Son Excellence le Pr\u00e9sident de la R\u00e9publique, M. Mohamed Ould Cheikh El Ghazouani.<\/p>\n<p>Organis\u00e9 par ONU-Habitat depuis 2002, le Forum Urbain Mondial est la principale conf\u00e9rence internationale sur le d\u00e9veloppement urbain. Le FUM est un \u00e9v\u00e9nement multi-acteurs, un lieu d\u2019\u00e9changes d\u2019exp\u00e9riences de tous les acteurs de l\u2019urbain : publics, priv\u00e9s, soci\u00e9t\u00e9 civile, chercheurs et universitaires, etc.<\/p>\n<p>Ouvrant les travaux, le Pr\u00e9sident \u00e9gyptien Abdel Fettah Sissi a indiqu\u00e9 que la rencontre vise \u00e0 \u00e9changer les expertises et \u00e0 connaitre les meilleures pratiques sur les questions du d\u00e9veloppement urbain afin de contribuer au d\u00e9veloppement durable, \u00e0 promouvoir les moyens de construire des villes meilleures pour am\u00e9liorer la vie de millions de personnes.<\/p>\n<p>Atteindre de tels objectifs suppose, poursuit-il, la conjugaison des efforts internationaux pour trouver des solutions innovantes et efficaces notamment le financement ad\u00e9quat surtout dans un contexte de d\u00e9fis inconnus auparavant comme l\u2019essor d\u00e9mographique galopant, le changement climatique, la raret\u00e9 de l\u2019eau, la perte de l\u2019habitat, entre autres facteurs.<\/p>\n<p>Le FUM repr\u00e9sente ainsi une tribune exemplaire pour inaugurer un dialogue fructueux et efficient entre tous les acteurs concern\u00e9s par l\u2019am\u00e9lioration de la situation des communaut\u00e9s humaines et le renforcement du d\u00e9veloppement urbain.<\/p>\n<p>Ont pris part \u00e0 ce forum un certain nombre de chefs d\u2019Etat et de repr\u00e9sentants de gouvernement, d\u2019acad\u00e9miciens et d\u2019hommes d\u2019affaire, de planificateurs des villes ainsi que de la soci\u00e9t\u00e9 civile.<\/p>\n<\/div>\n<\/div>\n","protected":false},"excerpt":{"rendered":"<p>La 12\u00e8me session du Forum Urbain Mondial (FUM) organis\u00e9e du 4 au 8 novembre 2024, au Caire (\u00c9gypte), sur le th\u00e8me \u00ab Tout commence chez-soi : Actions locales pour le d\u00e9veloppement durable des villes et communaut\u00e9s \u00bb a d\u00e9marr\u00e9 ses travaux lundi en pr\u00e9sence du ministre secr\u00e9taire g\u00e9n\u00e9ral de la Pr\u00e9sidence de la R\u00e9publique, M. [&hellip;]<\/p>\n","protected":false},"author":13,"featured_media":258015,"comment_status":"open","ping_status":"open","sticky":false,"template":"","format":"standard","meta":{"footnotes":""},"categories":[63920,63919,63957,63959,63927],"tags":[],"class_list":["post-258014","post","type-post","status-publish","format-standard","has-post-thumbnail","hentry","category-a-la-une","category-choix-du-redacteur","category-fil-dactualite","category-mauritanie","category-slider-mauritanie"],"_links":{"self":[{"href":"https:\/\/ami.mr\/fr\/wp-json\/wp\/v2\/posts\/258014","targetHints":{"allow":["GET"]}}],"collection":[{"href":"https:\/\/ami.mr\/fr\/wp-json\/wp\/v2\/posts"}],"about":[{"href":"https:\/\/ami.mr\/fr\/wp-json\/wp\/v2\/types\/post"}],"author":[{"embeddable":true,"href":"https:\/\/ami.mr\/fr\/wp-json\/wp\/v2\/users\/13"}],"replies":[{"embeddable":true,"href":"https:\/\/ami.mr\/fr\/wp-json\/wp\/v2\/comments?post=258014"}],"version-history":[{"count":3,"href":"https:\/\/ami.mr\/fr\/wp-json\/wp\/v2\/posts\/258014\/revisions"}],"predecessor-version":[{"id":258063,"href":"https:\/\/ami.mr\/fr\/wp-json\/wp\/v2\/posts\/258014\/revisions\/258063"}],"wp:featuredmedia":[{"embeddable":true,"href":"https:\/\/ami.mr\/fr\/wp-json\/wp\/v2\/media\/258015"}],"wp:attachment":[{"href":"https:\/\/ami.mr\/fr\/wp-json\/wp\/v2\/media?parent=258014"}],"wp:term":[{"taxonomy":"category","embeddable":true,"href":"https:\/\/ami.mr\/fr\/wp-json\/wp\/v2\/categories?post=258014"},{"taxonomy":"post_tag","embeddable":true,"href":"https:\/\/ami.mr\/fr\/wp-json\/wp\/v2\/tags?post=258014"}],"curies":[{"name":"wp","href":"https:\/\/api.w.org\/{rel}","templated":true}]}}