{"id":257999,"date":"2024-11-04T16:40:50","date_gmt":"2024-11-04T16:40:50","guid":{"rendered":"https:\/\/ami.mr\/fr\/?p=257999"},"modified":"2024-11-04T17:39:20","modified_gmt":"2024-11-04T17:39:20","slug":"le-ministre-de-linterieur-participe-a-la-conference-sur-le-terrorisme-au-koweit","status":"publish","type":"post","link":"https:\/\/ami.mr\/fr\/archives\/257999","title":{"rendered":"Le ministre de l&#8217;Int\u00e9rieur participe \u00e0 la conf\u00e9rence sur le terrorisme au Kowe\u00eft"},"content":{"rendered":"<p>le ministre de l&#8217;Int\u00e9rieur, de la Promotion de la D\u00e9centralisation et du D\u00e9veloppement local, M. Mohamed Ahmed Ould Mohamed Lemine, a particip\u00e9, lundi \u00e0 Kowe\u00eft City, \u00e0 la conf\u00e9rence de haut niveau organis\u00e9e sous le th\u00e8me : \u2018\u2019le renforcement de la coop\u00e9ration internationale en mati\u00e8re de lutte contre le terrorisme et la construction de m\u00e9canismes flexibles de s\u00e9curit\u00e9 frontali\u00e8re &#8211; phase kowe\u00eftienne du processus de Douchanb\u00e9\u2019\u2019, sous le patronage de Son Altesse le prince h\u00e9ritier Cheikh Sabah Khaled Al-Hamad Al-Sabah, du pr\u00e9sident de la R\u00e9publique du Tadjikistan Emomali Rahmon et du secr\u00e9taire g\u00e9n\u00e9ral des Nations unies pour la lutte contre le terrorisme Vladimir Voronkov.<\/p>\n<p>Dans une allocution prononc\u00e9e pour la circonstance, le ministre de l&#8217;Int\u00e9rieur, de la D\u00e9centralisation et du D\u00e9veloppement Local, a exprim\u00e9 ses sinc\u00e8res remerciements aux gouvernements de l&#8217;Etat du Kowe\u00eft, \u00e0 la R\u00e9publique du Tadjikistan ainsi qu&#8217;au Bureau des Nations Unies pour la Lutte contre le Terrorisme pour l&#8217;organisation de cette importante conf\u00e9rence et pour avoir invit\u00e9 la Mauritanie \u00e0 y participer, ainsi que sa gratitude \u00e0 l&#8217;Etat, \u00e0 l&#8217;Emir, au gouvernement et au peuple koweitien pour l&#8217;attention particuli\u00e8re accord\u00e9e \u00e0 la R\u00e9publique Islamique de Mauritanie.<\/p>\n<p>Il a soulign\u00e9 que la situation internationale est caract\u00e9ris\u00e9e par des conflits g\u00e9opolitiques profonds qui ont pris des dimensions nouvelles, en l\u2019occurrence, la guerre hybride incarn\u00e9e par des cyber-attaques multidimensionnelles, soulignant que ce conflit s&#8217;est \u00e9tendu \u00e0 la r\u00e9gion sah\u00e9lo-saharienne, dont fait partie la Mauritanie, qui est depuis des d\u00e9cennies l&#8217;un des foyers de crises les plus dangereux qui englobe la plupart des aspects des menaces mondiales : crise de gouvernance, fragilit\u00e9, conflits arm\u00e9s, expansion du terrorisme et du crime organis\u00e9, entra\u00eenant des flux de migrants et de r\u00e9fugi\u00e9s, en plus de la destruction des structures \u00e9conomiques.<\/p>\n<p>Face \u00e0 ce tableau alarmant, la Mauritanie fait figure d&#8217;exception dans la r\u00e9gion en adoptant une approche multidimensionnelle consistant \u00e0 mettre en \u0153uvre un plan de d\u00e9veloppement pour lutter contre la pauvret\u00e9 et la fragilit\u00e9 tout en int\u00e9grant les jeunes \u00e0 travers des activit\u00e9s g\u00e9n\u00e9ratrices de revenus et la prise en charge partielle des familles \u00e0 faibles revenus.<\/p>\n<p>\u2018\u2019Les programmes d&#8217;enseignement ont \u00e9t\u00e9 revus pour mettre un terme \u00e0 la rh\u00e9torique violente et des dialogues intellectuels ont \u00e9t\u00e9 men\u00e9s avec des groupes de jeunes ayant adopt\u00e9 une id\u00e9ologie extr\u00e9miste pour les convaincre d&#8217;abandonner les tendances extr\u00e9mistes qui les ont conduits \u00e0 rejoindre des organisations terroristes\u2019\u2019, a-t-il dit, indiquant que ces dialogues les ont amen\u00e9s \u00e0 abandonner leurs id\u00e9es fausses, et qu&#8217;en cons\u00e9quence, ceux qui \u00e9taient en d\u00e9tention pr\u00e9ventive ont \u00e9t\u00e9 lib\u00e9r\u00e9s et int\u00e9gr\u00e9s dans la vie active, ce qui a contribu\u00e9 \u00e0 tarir les sources du terrorisme.<\/p>\n<p>M. le ministre a soulign\u00e9 que la Mauritanie accueille des centaines de milliers de d\u00e9plac\u00e9s essentiellement des maliens maliens qu\u2019elle prend en charge en toute harmonie avec les citoyens qui les accueillent, soulignant qu&#8217;un plan a \u00e9t\u00e9 \u00e9labor\u00e9 pour contr\u00f4ler les fronti\u00e8res et g\u00e9rer la migration \u00e0 travers un syst\u00e8me biom\u00e9trique distinctif, ajoutant que les forces arm\u00e9es et de s\u00e9curit\u00e9 ont \u00e9t\u00e9 pr\u00e9par\u00e9es pour faire face \u00e0 la guerre atypique adopt\u00e9e par les groupes terroristes \u00e0 travers des mesures pr\u00e9ventives qui nous ont permis d&#8217;anticiper les menaces et de fortifier le pays, ce qui fait que, depuis 2011, aucune op\u00e9ration terroriste n&#8217;a \u00e9t\u00e9 enregistr\u00e9e contre notre pays.<\/p>\n<p>La Mauritanie a intensifi\u00e9 ses efforts pour renforcer la coop\u00e9ration avec les partenaires r\u00e9gionaux et internationaux \u00e0 travers plusieurs instances r\u00e9gionales et continentales, permettant l&#8217;\u00e9change d&#8217;expertises et d&#8217;informations et l&#8217;unification des efforts. Elle a, \u00e9galement, \u00e9valu\u00e9 et mis \u00e0 jour son approche afin de rester en mesure de maintenir le climat de s\u00e9curit\u00e9 et de stabilit\u00e9 dont elle jouit.<\/p>\n<p>Notons que cette conf\u00e9rence, de deux jours, r\u00e9unit 450 participants, dont 33 ministres des \u00c9tats membres, ainsi que des repr\u00e9sentants des agences sp\u00e9cialis\u00e9es des Nations unies et 23 organisations internationales et r\u00e9gionales.<\/p>\n<p>La conf\u00e9rence est une plate-forme essentielle pour renforcer la coop\u00e9ration r\u00e9gionale et internationale en mati\u00e8re de s\u00e9curit\u00e9 des fronti\u00e8res dans le contexte de la lutte contre le terrorisme et son financement. Elle offre, \u00e9galement, l&#8217;occasion d&#8217;\u00e9changer des exp\u00e9riences et des visions en mati\u00e8re de lutte contre le terrorisme, de discuter des le\u00e7ons tir\u00e9es des d\u00e9fis communs, et de discuter des moyens de faire face aux menaces d\u00e9coulant du terrorisme et de ses cons\u00e9quences, ainsi que des moyens de renforcer la coop\u00e9ration r\u00e9gionale et internationale dans ce contexte.<\/p>\n","protected":false},"excerpt":{"rendered":"<p>le ministre de l&#8217;Int\u00e9rieur, de la Promotion de la D\u00e9centralisation et du D\u00e9veloppement local, M. Mohamed Ahmed Ould Mohamed Lemine, a particip\u00e9, lundi \u00e0 Kowe\u00eft City, \u00e0 la conf\u00e9rence de haut niveau organis\u00e9e sous le th\u00e8me : \u2018\u2019le renforcement de la coop\u00e9ration internationale en mati\u00e8re de lutte contre le terrorisme et la construction de m\u00e9canismes [&hellip;]<\/p>\n","protected":false},"author":13,"featured_media":258006,"comment_status":"open","ping_status":"open","sticky":false,"template":"","format":"standard","meta":{"footnotes":""},"categories":[63920,63919,63957,63959,63927],"tags":[],"class_list":["post-257999","post","type-post","status-publish","format-standard","has-post-thumbnail","hentry","category-a-la-une","category-choix-du-redacteur","category-fil-dactualite","category-mauritanie","category-slider-mauritanie"],"_links":{"self":[{"href":"https:\/\/ami.mr\/fr\/wp-json\/wp\/v2\/posts\/257999","targetHints":{"allow":["GET"]}}],"collection":[{"href":"https:\/\/ami.mr\/fr\/wp-json\/wp\/v2\/posts"}],"about":[{"href":"https:\/\/ami.mr\/fr\/wp-json\/wp\/v2\/types\/post"}],"author":[{"embeddable":true,"href":"https:\/\/ami.mr\/fr\/wp-json\/wp\/v2\/users\/13"}],"replies":[{"embeddable":true,"href":"https:\/\/ami.mr\/fr\/wp-json\/wp\/v2\/comments?post=257999"}],"version-history":[{"count":1,"href":"https:\/\/ami.mr\/fr\/wp-json\/wp\/v2\/posts\/257999\/revisions"}],"predecessor-version":[{"id":258002,"href":"https:\/\/ami.mr\/fr\/wp-json\/wp\/v2\/posts\/257999\/revisions\/258002"}],"wp:featuredmedia":[{"embeddable":true,"href":"https:\/\/ami.mr\/fr\/wp-json\/wp\/v2\/media\/258006"}],"wp:attachment":[{"href":"https:\/\/ami.mr\/fr\/wp-json\/wp\/v2\/media?parent=257999"}],"wp:term":[{"taxonomy":"category","embeddable":true,"href":"https:\/\/ami.mr\/fr\/wp-json\/wp\/v2\/categories?post=257999"},{"taxonomy":"post_tag","embeddable":true,"href":"https:\/\/ami.mr\/fr\/wp-json\/wp\/v2\/tags?post=257999"}],"curies":[{"name":"wp","href":"https:\/\/api.w.org\/{rel}","templated":true}]}}