{"id":257908,"date":"2024-11-02T14:28:32","date_gmt":"2024-11-02T14:28:32","guid":{"rendered":"https:\/\/ami.mr\/fr\/?p=257908"},"modified":"2024-11-02T14:28:32","modified_gmt":"2024-11-02T14:28:32","slug":"le-ministere-de-lenvironnement-receptionne-250-outardes","status":"publish","type":"post","link":"https:\/\/ami.mr\/fr\/archives\/257908","title":{"rendered":"Le minist\u00e8re de l\u2019Environnement r\u00e9ceptionne 250 outardes"},"content":{"rendered":"<p>Le secr\u00e9taire g\u00e9n\u00e9ral du minist\u00e8re de l\u2019Environnement et du D\u00e9veloppement durable, M. Moulay Brahim Ould Moulay Brahim, a r\u00e9ceptionn\u00e9 vendredi soir \u00e0 Nouakchott, un don des \u00c9mirats Arabes unis de 250 outardes.<\/p>\n<p>Ces oiseaux ont \u00e9t\u00e9 remis par l\u2019envoy\u00e9 de l\u2019association de Son Altesse Cheikh Mohammed ben Batti Al Hamed, dans le cadre de la coop\u00e9ration fructueuse entre la Mauritanie et les \u00c9mirats arabes unis, notamment dans le domaine de la conservation de l\u2019environnement.<\/p>\n<p>Dans le mot qu\u2019il a prononc\u00e9, \u00e0 cette occasion, Le secr\u00e9taire g\u00e9n\u00e9ral du minist\u00e8re, M. Moulay Brahim Ould Moulay Brahim a indiqu\u00e9 que ce don s\u2019inscrit dans le cadre des efforts du gouvernement visant la restauration des \u00e9cosyst\u00e8mes et la conservation de la biodiversit\u00e9 dans de nombreuses wilayas du pays.<\/p>\n<p>Le secr\u00e9taire g\u00e9n\u00e9ral a affirm\u00e9 que ce don vise \u00e0 renforcer les efforts du minist\u00e8re de l\u2019Environnement et du D\u00e9veloppement durable permettant de r\u00e9cup\u00e9rer les esp\u00e8ces d\u2019oiseaux disparus en Mauritanie et de les installer dans le cadre de la coop\u00e9ration bilat\u00e9rale entre les deux pays.<\/p>\n<p>Notons que les \u00c9mirats Arabes Unis ont d\u00e9j\u00e0 fourni de nombreux animaux sauvages \u00e0 la r\u00e9serve naturelle d\u2019Aouleygatt.<\/p>\n","protected":false},"excerpt":{"rendered":"<p>Le secr\u00e9taire g\u00e9n\u00e9ral du minist\u00e8re de l\u2019Environnement et du D\u00e9veloppement durable, M. Moulay Brahim Ould Moulay Brahim, a r\u00e9ceptionn\u00e9 vendredi soir \u00e0 Nouakchott, un don des \u00c9mirats Arabes unis de 250 outardes. Ces oiseaux ont \u00e9t\u00e9 remis par l\u2019envoy\u00e9 de l\u2019association de Son Altesse Cheikh Mohammed ben Batti Al Hamed, dans le cadre de la [&hellip;]<\/p>\n","protected":false},"author":21,"featured_media":257909,"comment_status":"open","ping_status":"open","sticky":false,"template":"","format":"standard","meta":{"footnotes":""},"categories":[63918,63957,63959],"tags":[],"class_list":["post-257908","post","type-post","status-publish","format-standard","has-post-thumbnail","hentry","category-autres","category-fil-dactualite","category-mauritanie"],"_links":{"self":[{"href":"https:\/\/ami.mr\/fr\/wp-json\/wp\/v2\/posts\/257908","targetHints":{"allow":["GET"]}}],"collection":[{"href":"https:\/\/ami.mr\/fr\/wp-json\/wp\/v2\/posts"}],"about":[{"href":"https:\/\/ami.mr\/fr\/wp-json\/wp\/v2\/types\/post"}],"author":[{"embeddable":true,"href":"https:\/\/ami.mr\/fr\/wp-json\/wp\/v2\/users\/21"}],"replies":[{"embeddable":true,"href":"https:\/\/ami.mr\/fr\/wp-json\/wp\/v2\/comments?post=257908"}],"version-history":[{"count":1,"href":"https:\/\/ami.mr\/fr\/wp-json\/wp\/v2\/posts\/257908\/revisions"}],"predecessor-version":[{"id":257910,"href":"https:\/\/ami.mr\/fr\/wp-json\/wp\/v2\/posts\/257908\/revisions\/257910"}],"wp:featuredmedia":[{"embeddable":true,"href":"https:\/\/ami.mr\/fr\/wp-json\/wp\/v2\/media\/257909"}],"wp:attachment":[{"href":"https:\/\/ami.mr\/fr\/wp-json\/wp\/v2\/media?parent=257908"}],"wp:term":[{"taxonomy":"category","embeddable":true,"href":"https:\/\/ami.mr\/fr\/wp-json\/wp\/v2\/categories?post=257908"},{"taxonomy":"post_tag","embeddable":true,"href":"https:\/\/ami.mr\/fr\/wp-json\/wp\/v2\/tags?post=257908"}],"curies":[{"name":"wp","href":"https:\/\/api.w.org\/{rel}","templated":true}]}}