{"id":257796,"date":"2024-10-31T18:35:34","date_gmt":"2024-10-31T18:35:34","guid":{"rendered":"https:\/\/ami.mr\/fr\/?p=257796"},"modified":"2024-10-31T20:19:25","modified_gmt":"2024-10-31T20:19:25","slug":"le-president-de-la-republique-arrive-a-alger-pour-participer-a-la-celebration-du-70eme-anniversaire-de-la-revolution-algerienne","status":"publish","type":"post","link":"https:\/\/ami.mr\/fr\/archives\/257796","title":{"rendered":"Le Pr\u00e9sident de la R\u00e9publique arrive \u00e0 Alger pour participer \u00e0 la c\u00e9l\u00e9bration du 70\u00e8me anniversaire de la R\u00e9volution alg\u00e9rienne"},"content":{"rendered":"<p>S.E. le Pr\u00e9sident de la R\u00e9publique, Pr\u00e9sident de l&#8217;Union africaine (UA), M. Mohamed Ould Cheikh El-Ghazouani, est arriv\u00e9, jeudi, \u00e0 Alger pour participer aux festivit\u00e9s marquant le 70\u00e8me anniversaire de la R\u00e9volution de lib\u00e9ration alg\u00e9rienne.<\/p>\n<p>S.E. le Pr\u00e9sident de la R\u00e9publique a \u00e9t\u00e9 accueilli \u00e0 la passerelle de l&#8217;avion pr\u00e9sidentiel, \u00e0 l&#8217;a\u00e9roport international Houari Boumediene, par S.E. le Pr\u00e9sident de la R\u00e9publique alg\u00e9rienne d\u00e9mocratique et populaire, M. Abdelmadjid Tebboune, le ministre des Affaires \u00e9trang\u00e8res, M. Ahmed Attaf, et le ministre de l&#8217;Enseignement sup\u00e9rieur et de la Recherche scientifique, M. Kamel Badari ainsi que SEM. Sidi Mohamed Abdallahi, ambassadeur de la Mauritanie en Alg\u00e9rie.<\/p>\n<p>Les deux pr\u00e9sidents ont \u00e9cout\u00e9 les hymnes nationaux mauritanien et alg\u00e9rien et ont pass\u00e9 en revue un contingent des forces arm\u00e9es venu rendre les honneurs.<\/p>\n<p>Le Pr\u00e9sident de la R\u00e9publique a ensuite salu\u00e9 les membres du gouvernement alg\u00e9rien, les personnalit\u00e9s venues \u00e0 son accueil, les membres du corps diplomatique et le personnel de notre mission diplomatique en Alg\u00e9rie.<\/p>\n<p>A son tour, S.E. le Pr\u00e9sident de la R\u00e9publique alg\u00e9rienne d\u00e9mocratique et populaire, Abdelmadjid Tebboune, a salu\u00e9 les membres de la d\u00e9l\u00e9gation mauritanienne accompagnant S.E. le Pr\u00e9sident de la R\u00e9publique.<\/p>\n<p>S.E. le Pr\u00e9sident de la R\u00e9publique est accompagn\u00e9 dans cette visite en Alg\u00e9rie par une importante d\u00e9l\u00e9gation compos\u00e9e de MM :<\/p>\n<p>&#8211; Nani Ould Chrougha, Ministre charg\u00e9 du Cabinet du Pr\u00e9sident de la R\u00e9publique.<\/p>\n<p>-Sidi Mohamed Abdallahi, Ambassadeur de notre pays en Alg\u00e9rie.<\/p>\n<p>&#8211; Le Contre-Amiral Isselkou Cheikh El Wely, chef d&#8217;\u00e9tat-major particulier du Pr\u00e9sident de la R\u00e9publique.<\/p>\n<p>&#8211; Sidi Mohamed Ould Sidi Jaafar, charg\u00e9 de mission \u00e0 la Pr\u00e9sidence de la R\u00e9publique.<\/p>\n<p>&#8211; Aissata Daouda Diallo, conseill\u00e8re \u00e0 la Pr\u00e9sidence de la R\u00e9publique.<\/p>\n<p>&#8211; Mohamed Mahmoud Ould Emat, conseiller \u00e0 la Pr\u00e9sidence de la R\u00e9publique.<\/p>\n<p>&#8211; El Hassan Ould Ahmed, directeur g\u00e9n\u00e9ral du Protocole d&#8217;Etat.<\/p>\n","protected":false},"excerpt":{"rendered":"<p>S.E. le Pr\u00e9sident de la R\u00e9publique, Pr\u00e9sident de l&#8217;Union africaine (UA), M. Mohamed Ould Cheikh El-Ghazouani, est arriv\u00e9, jeudi, \u00e0 Alger pour participer aux festivit\u00e9s marquant le 70\u00e8me anniversaire de la R\u00e9volution de lib\u00e9ration alg\u00e9rienne. S.E. le Pr\u00e9sident de la R\u00e9publique a \u00e9t\u00e9 accueilli \u00e0 la passerelle de l&#8217;avion pr\u00e9sidentiel, \u00e0 l&#8217;a\u00e9roport international Houari Boumediene, [&hellip;]<\/p>\n","protected":false},"author":10,"featured_media":257797,"comment_status":"open","ping_status":"open","sticky":false,"template":"","format":"standard","meta":{"footnotes":""},"categories":[63957,25,63921,63926],"tags":[],"class_list":["post-257796","post","type-post","status-publish","format-standard","has-post-thumbnail","hentry","category-fil-dactualite","category-25","category-slider-afficher","category-slider-general"],"_links":{"self":[{"href":"https:\/\/ami.mr\/fr\/wp-json\/wp\/v2\/posts\/257796","targetHints":{"allow":["GET"]}}],"collection":[{"href":"https:\/\/ami.mr\/fr\/wp-json\/wp\/v2\/posts"}],"about":[{"href":"https:\/\/ami.mr\/fr\/wp-json\/wp\/v2\/types\/post"}],"author":[{"embeddable":true,"href":"https:\/\/ami.mr\/fr\/wp-json\/wp\/v2\/users\/10"}],"replies":[{"embeddable":true,"href":"https:\/\/ami.mr\/fr\/wp-json\/wp\/v2\/comments?post=257796"}],"version-history":[{"count":2,"href":"https:\/\/ami.mr\/fr\/wp-json\/wp\/v2\/posts\/257796\/revisions"}],"predecessor-version":[{"id":257817,"href":"https:\/\/ami.mr\/fr\/wp-json\/wp\/v2\/posts\/257796\/revisions\/257817"}],"wp:featuredmedia":[{"embeddable":true,"href":"https:\/\/ami.mr\/fr\/wp-json\/wp\/v2\/media\/257797"}],"wp:attachment":[{"href":"https:\/\/ami.mr\/fr\/wp-json\/wp\/v2\/media?parent=257796"}],"wp:term":[{"taxonomy":"category","embeddable":true,"href":"https:\/\/ami.mr\/fr\/wp-json\/wp\/v2\/categories?post=257796"},{"taxonomy":"post_tag","embeddable":true,"href":"https:\/\/ami.mr\/fr\/wp-json\/wp\/v2\/tags?post=257796"}],"curies":[{"name":"wp","href":"https:\/\/api.w.org\/{rel}","templated":true}]}}