{"id":257772,"date":"2024-10-31T16:17:05","date_gmt":"2024-10-31T16:17:05","guid":{"rendered":"https:\/\/ami.mr\/fr\/?p=257772"},"modified":"2024-10-31T16:17:05","modified_gmt":"2024-10-31T16:17:05","slug":"le-conseil-regional-du-trarza-tient-une-session-ordinaire-2","status":"publish","type":"post","link":"https:\/\/ami.mr\/fr\/archives\/257772","title":{"rendered":"Le Conseil r\u00e9gional du Trarza tient une session ordinaire"},"content":{"rendered":"<p>Le Conseil r\u00e9gional de la r\u00e9gion du Trarza a tenu, jeudi \u00e0 Rosso, sa derni\u00e8re session ordinaire au titre de l&#8217;ann\u00e9e 2024, sous la pr\u00e9sidence de M. Mohamed Ould Cheikh, son pr\u00e9sident, et en pr\u00e9sence du wali du Trarza, M. Mohamed Ould Ahmed Maouloud.<\/p>\n<p>L&#8217;ordre du jour de la session comporte l&#8217;approbation du budget de la r\u00e9gion pour l&#8217;ann\u00e9e 2025 et l&#8217;examen des activit\u00e9s organis\u00e9es par la r\u00e9gion entre la session actuelle et les sessions pr\u00e9c\u00e9dentes.<\/p>\n<p>Dans son allocution d&#8217;ouverture, le pr\u00e9sident du Conseil r\u00e9gional a soulign\u00e9 sa volont\u00e9 de poursuivre les efforts visant \u00e0 r\u00e9aliser le d\u00e9veloppement local \u00e0 travers la mise en \u0153uvre d&#8217;un plan d&#8217;action int\u00e9gr\u00e9 touchant les diff\u00e9rents aspects de la vie \u00e9conomique et sociale de la population.<\/p>\n<p>Il a ajout\u00e9 que la r\u00e9gion met en \u0153uvre des programmes ambitieux dans tous les domaines, dont l&#8217;agriculture, la sant\u00e9 et l&#8217;\u00e9ducation, ce qui aura un impact positif sur la vie quotidienne des habitants de la Wilaya.<\/p>\n<p>Don son c\u00f4t\u00e9, le wali du Trarza a indiqu\u00e9 que les conseils r\u00e9gionaux ont \u00e9t\u00e9 dot\u00e9s d\u2019importants budgets par l&#8217;Etat, en plus de nouvelles attributions, ce qui leur permet de jouer pleinement leur r\u00f4le, appelant \u00e0 se concentrer sur les principaux points du programme du Pr\u00e9sident de la R\u00e9publique Monsieur Mohamed Ould Cheikh El Ghazouani.<\/p>\n<p>L&#8217;ouverture de la session s&#8217;est d\u00e9roul\u00e9e en pr\u00e9sence du maire de la ville de Rosso, du secr\u00e9taire g\u00e9n\u00e9ral de la r\u00e9gion et du directeur r\u00e9gional du Tr\u00e9sor et de la comptabilit\u00e9 publique dans la Wilaya du Trarza.<\/p>\n","protected":false},"excerpt":{"rendered":"<p>Le Conseil r\u00e9gional de la r\u00e9gion du Trarza a tenu, jeudi \u00e0 Rosso, sa derni\u00e8re session ordinaire au titre de l&#8217;ann\u00e9e 2024, sous la pr\u00e9sidence de M. Mohamed Ould Cheikh, son pr\u00e9sident, et en pr\u00e9sence du wali du Trarza, M. Mohamed Ould Ahmed Maouloud. L&#8217;ordre du jour de la session comporte l&#8217;approbation du budget de [&hellip;]<\/p>\n","protected":false},"author":10,"featured_media":257773,"comment_status":"open","ping_status":"open","sticky":false,"template":"","format":"standard","meta":{"footnotes":""},"categories":[63918,63957,8672],"tags":[],"class_list":["post-257772","post","type-post","status-publish","format-standard","has-post-thumbnail","hentry","category-autres","category-fil-dactualite","category-8672"],"_links":{"self":[{"href":"https:\/\/ami.mr\/fr\/wp-json\/wp\/v2\/posts\/257772","targetHints":{"allow":["GET"]}}],"collection":[{"href":"https:\/\/ami.mr\/fr\/wp-json\/wp\/v2\/posts"}],"about":[{"href":"https:\/\/ami.mr\/fr\/wp-json\/wp\/v2\/types\/post"}],"author":[{"embeddable":true,"href":"https:\/\/ami.mr\/fr\/wp-json\/wp\/v2\/users\/10"}],"replies":[{"embeddable":true,"href":"https:\/\/ami.mr\/fr\/wp-json\/wp\/v2\/comments?post=257772"}],"version-history":[{"count":1,"href":"https:\/\/ami.mr\/fr\/wp-json\/wp\/v2\/posts\/257772\/revisions"}],"predecessor-version":[{"id":257774,"href":"https:\/\/ami.mr\/fr\/wp-json\/wp\/v2\/posts\/257772\/revisions\/257774"}],"wp:featuredmedia":[{"embeddable":true,"href":"https:\/\/ami.mr\/fr\/wp-json\/wp\/v2\/media\/257773"}],"wp:attachment":[{"href":"https:\/\/ami.mr\/fr\/wp-json\/wp\/v2\/media?parent=257772"}],"wp:term":[{"taxonomy":"category","embeddable":true,"href":"https:\/\/ami.mr\/fr\/wp-json\/wp\/v2\/categories?post=257772"},{"taxonomy":"post_tag","embeddable":true,"href":"https:\/\/ami.mr\/fr\/wp-json\/wp\/v2\/tags?post=257772"}],"curies":[{"name":"wp","href":"https:\/\/api.w.org\/{rel}","templated":true}]}}