{"id":257486,"date":"2024-10-28T15:13:03","date_gmt":"2024-10-28T15:13:03","guid":{"rendered":"https:\/\/ami.mr\/fr\/?p=257486"},"modified":"2024-10-28T15:13:03","modified_gmt":"2024-10-28T15:13:03","slug":"le-wali-du-brakna-visite-les-sinistres-suite-a-la-montee-des-eaux-du-fleuve","status":"publish","type":"post","link":"https:\/\/ami.mr\/fr\/archives\/257486","title":{"rendered":"Le wali du Brakna visite les sinistr\u00e9s suite \u00e0 la mont\u00e9e des eaux du fleuve"},"content":{"rendered":"<p>Le wali du Brakna, M. Mohamed Ould Saleck, a effectu\u00e9, dimanche, une visite d&#8217;information aux villages touch\u00e9s par la crue du fleuve dans les moughataas de M\u2019Bagne, Babab\u00e9 et Bogh\u00e9, o\u00f9 des zones ont \u00e9t\u00e9 affect\u00e9es par la mont\u00e9e des eaux du fleuve.<\/p>\n<p>La visite a concern\u00e9 les villages d&#8217;Abdallah jiri, Matgoum, Korel de Sidi, Rio Sour\u00e9, Woti, Doubel, Roufi Odi et Toldi, situ\u00e9s dans les moughataas de Babab\u00e9, M\u2019Bagne et Bogh\u00e9, o\u00f9 le wali a \u00e9t\u00e9 inform\u00e9 des conditions de vie des personnes d\u00e9plac\u00e9es suite \u00e0 l&#8217;inondation par le fleuve de leurs maisons et de leurs champs.<\/p>\n<p>Dans ces villages, le wali a \u00e9cout\u00e9 des explications fournies par les chefs des services r\u00e9gionaux des minist\u00e8res de l\u2019Int\u00e9rieur, de la Sant\u00e9, de l&#8217;Hydraulique et de l&#8217;Habitat, du Commissariat \u00e0 la S\u00e9curit\u00e9 alimentaire et de la D\u00e9l\u00e9gation G\u00e9n\u00e9rale \u00e0 la Solidarit\u00e9 nationale et \u00e0 la Lutte contre l&#8217;Exclusion (TAAZOUR) sur le niveau et la nature de leurs interventions.<\/p>\n<p>Dans le village de Roufi Odi, moughataa de M\u2019Bagne, le wali a supervis\u00e9 la distribution de sommes d&#8217;argent offertes par TAAZOUR aux 75 familles touch\u00e9es par la mont\u00e9e des eaux.<\/p>\n<p>Dans un discours prononc\u00e9 \u00e0 cette occasion, ould Saleck a indiqu\u00e9 que l&#8217;objectif de sa visite \u00e9tait de s\u2019enqu\u00e9rir des conditions dans lesquelles vivent les citoyens dans les abris allou\u00e9s par les autorit\u00e9s publiques aux familles affect\u00e9es par cette crise, soulignant que toutes les familles ont b\u00e9n\u00e9fici\u00e9 d&#8217;une aide comprenant de la nourriture, des tentes, l&#8217;eau potable, d&#8217;argent liquide et de soins de sant\u00e9, adressant ses sinc\u00e8res remerciements aux citoyens pour leur coop\u00e9ration, leur patience et leur bonne entente avec les autorit\u00e9s administratives.<\/p>\n<p>De leur c\u00f4t\u00e9, les citoyens ont salu\u00e9 l&#8217;intervention des hautes autorit\u00e9s et leur soutien en toutes circonstances, soulignant l&#8217;importance des interventions en temps opportun.<\/p>\n<p>Le wali \u00e9tait accompagn\u00e9 au cours de cette visite par les hakems des moughataas visit\u00e9es, des \u00e9lus et des chefs des services de s\u00e9curit\u00e9 r\u00e9gionaux de la Wilaya.<\/p>\n","protected":false},"excerpt":{"rendered":"<p>Le wali du Brakna, M. Mohamed Ould Saleck, a effectu\u00e9, dimanche, une visite d&#8217;information aux villages touch\u00e9s par la crue du fleuve dans les moughataas de M\u2019Bagne, Babab\u00e9 et Bogh\u00e9, o\u00f9 des zones ont \u00e9t\u00e9 affect\u00e9es par la mont\u00e9e des eaux du fleuve. La visite a concern\u00e9 les villages d&#8217;Abdallah jiri, Matgoum, Korel de Sidi, [&hellip;]<\/p>\n","protected":false},"author":17,"featured_media":257487,"comment_status":"open","ping_status":"open","sticky":false,"template":"","format":"standard","meta":{"footnotes":""},"categories":[63918,63957,8672],"tags":[],"class_list":["post-257486","post","type-post","status-publish","format-standard","has-post-thumbnail","hentry","category-autres","category-fil-dactualite","category-8672"],"_links":{"self":[{"href":"https:\/\/ami.mr\/fr\/wp-json\/wp\/v2\/posts\/257486","targetHints":{"allow":["GET"]}}],"collection":[{"href":"https:\/\/ami.mr\/fr\/wp-json\/wp\/v2\/posts"}],"about":[{"href":"https:\/\/ami.mr\/fr\/wp-json\/wp\/v2\/types\/post"}],"author":[{"embeddable":true,"href":"https:\/\/ami.mr\/fr\/wp-json\/wp\/v2\/users\/17"}],"replies":[{"embeddable":true,"href":"https:\/\/ami.mr\/fr\/wp-json\/wp\/v2\/comments?post=257486"}],"version-history":[{"count":1,"href":"https:\/\/ami.mr\/fr\/wp-json\/wp\/v2\/posts\/257486\/revisions"}],"predecessor-version":[{"id":257488,"href":"https:\/\/ami.mr\/fr\/wp-json\/wp\/v2\/posts\/257486\/revisions\/257488"}],"wp:featuredmedia":[{"embeddable":true,"href":"https:\/\/ami.mr\/fr\/wp-json\/wp\/v2\/media\/257487"}],"wp:attachment":[{"href":"https:\/\/ami.mr\/fr\/wp-json\/wp\/v2\/media?parent=257486"}],"wp:term":[{"taxonomy":"category","embeddable":true,"href":"https:\/\/ami.mr\/fr\/wp-json\/wp\/v2\/categories?post=257486"},{"taxonomy":"post_tag","embeddable":true,"href":"https:\/\/ami.mr\/fr\/wp-json\/wp\/v2\/tags?post=257486"}],"curies":[{"name":"wp","href":"https:\/\/api.w.org\/{rel}","templated":true}]}}