{"id":257258,"date":"2024-10-24T20:15:55","date_gmt":"2024-10-24T20:15:55","guid":{"rendered":"https:\/\/ami.mr\/fr\/?p=257258"},"modified":"2024-10-24T20:23:59","modified_gmt":"2024-10-24T20:23:59","slug":"le-ministre-delegue-charge-du-budget-recoit-une-delegation-dhommes-daffaires-marocains","status":"publish","type":"post","link":"https:\/\/ami.mr\/fr\/archives\/257258","title":{"rendered":"Le ministre d\u00e9l\u00e9gu\u00e9 charg\u00e9 du budget re\u00e7oit une d\u00e9l\u00e9gation d\u2019hommes d\u2019affaires marocains"},"content":{"rendered":"<div class=\"cell auto-size\">\n<div class=\"set-border bd-gray padding10 margin10 no-margin-right no-margin-left \" dir=\"ltr\">\n<p>Le ministre d\u00e9l\u00e9gu\u00e9 aupr\u00e8s du ministre de l&#8217;Economie et des Finances, charg\u00e9 du budget, ministre de l&#8217;\u00e9conomie et des finances par int\u00e9rim, Codioro Moussa N\u2019Guenor, a re\u00e7u, jeudi \u00e0 Nouakchott, une d\u00e9l\u00e9gation d\u2019hommes d\u2019affaires marocains comprenant le pr\u00e9sident du conseil d\u2019administration du groupe YMMY Financial Holding, M. Ahmed Lotfi, et M. Ahmed Ben Idriss, directeur d&#8217;exploitation \u00e0 la soci\u00e9t\u00e9 des travaux publics.<\/p>\n<p>La r\u00e9union a permis de discuter des domaines de coop\u00e9ration entre notre pays et ces institutions \u00e9conomiques, passant en revue les opportunit\u00e9s d&#8217;investissement disponibles en Mauritanie.<\/p>\n<p>La r\u00e9union s&#8217;est d\u00e9roul\u00e9e en pr\u00e9sence de M. Mamadou Abdallahi Diallo, directeur de cabinet du ministre d\u00e9l\u00e9gu\u00e9 charg\u00e9 du Budget.<\/p>\n<\/div>\n<\/div>\n","protected":false},"excerpt":{"rendered":"<p>Le ministre d\u00e9l\u00e9gu\u00e9 aupr\u00e8s du ministre de l&#8217;Economie et des Finances, charg\u00e9 du budget, ministre de l&#8217;\u00e9conomie et des finances par int\u00e9rim, Codioro Moussa N\u2019Guenor, a re\u00e7u, jeudi \u00e0 Nouakchott, une d\u00e9l\u00e9gation d\u2019hommes d\u2019affaires marocains comprenant le pr\u00e9sident du conseil d\u2019administration du groupe YMMY Financial Holding, M. Ahmed Lotfi, et M. Ahmed Ben Idriss, directeur [&hellip;]<\/p>\n","protected":false},"author":13,"featured_media":257263,"comment_status":"open","ping_status":"open","sticky":false,"template":"","format":"standard","meta":{"footnotes":""},"categories":[63918,63919,63957,63959,63927],"tags":[],"class_list":["post-257258","post","type-post","status-publish","format-standard","has-post-thumbnail","hentry","category-autres","category-choix-du-redacteur","category-fil-dactualite","category-mauritanie","category-slider-mauritanie"],"_links":{"self":[{"href":"https:\/\/ami.mr\/fr\/wp-json\/wp\/v2\/posts\/257258","targetHints":{"allow":["GET"]}}],"collection":[{"href":"https:\/\/ami.mr\/fr\/wp-json\/wp\/v2\/posts"}],"about":[{"href":"https:\/\/ami.mr\/fr\/wp-json\/wp\/v2\/types\/post"}],"author":[{"embeddable":true,"href":"https:\/\/ami.mr\/fr\/wp-json\/wp\/v2\/users\/13"}],"replies":[{"embeddable":true,"href":"https:\/\/ami.mr\/fr\/wp-json\/wp\/v2\/comments?post=257258"}],"version-history":[{"count":2,"href":"https:\/\/ami.mr\/fr\/wp-json\/wp\/v2\/posts\/257258\/revisions"}],"predecessor-version":[{"id":257275,"href":"https:\/\/ami.mr\/fr\/wp-json\/wp\/v2\/posts\/257258\/revisions\/257275"}],"wp:featuredmedia":[{"embeddable":true,"href":"https:\/\/ami.mr\/fr\/wp-json\/wp\/v2\/media\/257263"}],"wp:attachment":[{"href":"https:\/\/ami.mr\/fr\/wp-json\/wp\/v2\/media?parent=257258"}],"wp:term":[{"taxonomy":"category","embeddable":true,"href":"https:\/\/ami.mr\/fr\/wp-json\/wp\/v2\/categories?post=257258"},{"taxonomy":"post_tag","embeddable":true,"href":"https:\/\/ami.mr\/fr\/wp-json\/wp\/v2\/tags?post=257258"}],"curies":[{"name":"wp","href":"https:\/\/api.w.org\/{rel}","templated":true}]}}