{"id":257081,"date":"2024-10-23T10:55:26","date_gmt":"2024-10-23T10:55:26","guid":{"rendered":"https:\/\/ami.mr\/fr\/?p=257081"},"modified":"2024-10-23T10:55:26","modified_gmt":"2024-10-23T10:55:26","slug":"la-ministre-de-lhydraulique-preside-la-reunion-de-haut-niveau-des-ministres-de-lhydraulique-des-pays-de-linitiative-regionale-de-gestion-des-ressources-en-eau","status":"publish","type":"post","link":"https:\/\/ami.mr\/fr\/archives\/257081","title":{"rendered":"La ministre de l&#8217;Hydraulique pr\u00e9side la r\u00e9union de haut niveau des ministres de l&#8217;Hydraulique des pays de l&#8217;Initiative r\u00e9gionale de gestion des ressources en eau"},"content":{"rendered":"<p>Mme Amal Mint Maouloud, ministre de l&#8217;Hydraulique et de l&#8217;Assainissement, a pr\u00e9sid\u00e9 mardi \u00e0 Ljubljana (Slov\u00e9nie) la deuxi\u00e8me r\u00e9union minist\u00e9rielle de haut niveau des ministres de l&#8217;Hydraulique de l&#8217;Initiative r\u00e9gionale de coop\u00e9ration pour la gestion int\u00e9gr\u00e9e des ressources en eaux souterraines dans le bassin aquif\u00e8re mauritano-s\u00e9n\u00e9galais.<\/p>\n<p>Ont particip\u00e9 \u00e0 cette r\u00e9union plusieurs ministres de l&#8217;Hydraulique des pays de la r\u00e9gion, ainsi que le Haut-Commissaire de l&#8217;Organisation de mise en valeur du Fleuve S\u00e9n\u00e9gal (OMVS), certains partenaires techniques et financiers, des membres du Groupe de Travail Technique, et un certain nombre d&#8217;experts.<\/p>\n<p>La r\u00e9union comprenait un rapport complet sur les travaux du groupe de travail technique, y compris un r\u00e9sum\u00e9 des \u00e9tudes hydrog\u00e9ologiques pr\u00e9vues, ainsi que la pr\u00e9sentation et la discussion du projet d&#8217;accord pour l&#8217;initiative.<\/p>\n<p>La session s&#8217;est achev\u00e9e par l&#8217;adoption d&#8217;une d\u00e9claration finale refl\u00e9tant les r\u00e9sultats de la deuxi\u00e8me \u00e9dition de cette r\u00e9union, o\u00f9 les partenaires techniques et financiers ont salu\u00e9 l&#8217;initiative comme un mod\u00e8le de coop\u00e9ration r\u00e9gionale dans le domaine de la gestion des eaux transfrontali\u00e8res, soulignant leur volont\u00e9 de soutenir ce processus par le biais de l&#8217;assistance technique et financi\u00e8re n\u00e9cessaire.<\/p>\n","protected":false},"excerpt":{"rendered":"<p>Mme Amal Mint Maouloud, ministre de l&#8217;Hydraulique et de l&#8217;Assainissement, a pr\u00e9sid\u00e9 mardi \u00e0 Ljubljana (Slov\u00e9nie) la deuxi\u00e8me r\u00e9union minist\u00e9rielle de haut niveau des ministres de l&#8217;Hydraulique de l&#8217;Initiative r\u00e9gionale de coop\u00e9ration pour la gestion int\u00e9gr\u00e9e des ressources en eaux souterraines dans le bassin aquif\u00e8re mauritano-s\u00e9n\u00e9galais. Ont particip\u00e9 \u00e0 cette r\u00e9union plusieurs ministres de l&#8217;Hydraulique [&hellip;]<\/p>\n","protected":false},"author":10,"featured_media":257082,"comment_status":"open","ping_status":"open","sticky":false,"template":"","format":"standard","meta":{"footnotes":""},"categories":[63920,63957,25],"tags":[],"class_list":["post-257081","post","type-post","status-publish","format-standard","has-post-thumbnail","hentry","category-a-la-une","category-fil-dactualite","category-25"],"_links":{"self":[{"href":"https:\/\/ami.mr\/fr\/wp-json\/wp\/v2\/posts\/257081","targetHints":{"allow":["GET"]}}],"collection":[{"href":"https:\/\/ami.mr\/fr\/wp-json\/wp\/v2\/posts"}],"about":[{"href":"https:\/\/ami.mr\/fr\/wp-json\/wp\/v2\/types\/post"}],"author":[{"embeddable":true,"href":"https:\/\/ami.mr\/fr\/wp-json\/wp\/v2\/users\/10"}],"replies":[{"embeddable":true,"href":"https:\/\/ami.mr\/fr\/wp-json\/wp\/v2\/comments?post=257081"}],"version-history":[{"count":1,"href":"https:\/\/ami.mr\/fr\/wp-json\/wp\/v2\/posts\/257081\/revisions"}],"predecessor-version":[{"id":257083,"href":"https:\/\/ami.mr\/fr\/wp-json\/wp\/v2\/posts\/257081\/revisions\/257083"}],"wp:featuredmedia":[{"embeddable":true,"href":"https:\/\/ami.mr\/fr\/wp-json\/wp\/v2\/media\/257082"}],"wp:attachment":[{"href":"https:\/\/ami.mr\/fr\/wp-json\/wp\/v2\/media?parent=257081"}],"wp:term":[{"taxonomy":"category","embeddable":true,"href":"https:\/\/ami.mr\/fr\/wp-json\/wp\/v2\/categories?post=257081"},{"taxonomy":"post_tag","embeddable":true,"href":"https:\/\/ami.mr\/fr\/wp-json\/wp\/v2\/tags?post=257081"}],"curies":[{"name":"wp","href":"https:\/\/api.w.org\/{rel}","templated":true}]}}