{"id":256793,"date":"2024-10-19T21:03:17","date_gmt":"2024-10-19T21:03:17","guid":{"rendered":"https:\/\/ami.mr\/fr\/?p=256793"},"modified":"2024-10-19T21:03:17","modified_gmt":"2024-10-19T21:03:17","slug":"la-ministre-de-la-sante-fait-le-point-sur-la-situation-des-patients-dans-les-etablissements-de-sante-de-basseknou","status":"publish","type":"post","link":"https:\/\/ami.mr\/fr\/archives\/256793","title":{"rendered":"La ministre de la Sant\u00e9 fait le point sur la situation des patients dans les \u00e9tablissements de sant\u00e9 de Basseknou"},"content":{"rendered":"<div class=\"row\">\n<div class=\"cell auto-size bd-gray\" dir=\"ltr\"><\/div>\n<\/div>\n<div class=\"row\">\n<div class=\"cell auto-size\">\n<div class=\"set-border bd-gray padding10 margin10 no-margin-right no-margin-left \" dir=\"ltr\">\n<p>Le ministre de la Sant\u00e9, M. Abdallah Ould Sidi Mohamed Wadih, accompagn\u00e9 du wali du Hodh Charghi, M. Isselmou Ould Sidi, a effectu\u00e9 samedi soir une visite d&#8217;inspection au centre hospitalier de Basseknou et au centre de sant\u00e9 du camp des r\u00e9fugi\u00e9s maliens de M\u2019Ber\u00e9, danzs l\u2019arrondissement de Fassala.<\/p>\n<p>A chaque \u00e9tape de la visite, le Ministre a re\u00e7u des responsables des services de ces formations sanitaires des explications d\u00e9taill\u00e9es sur les probl\u00e8mes et les insuffisances de ces formations sanitaires.<\/p>\n<p>Au cours de la visite, le ministre a tenu deux r\u00e9unions distinctes avec les autorit\u00e9s locales, les \u00e9lus locaux et la soci\u00e9t\u00e9 civile, ainsi qu&#8217;avec le personnel de sant\u00e9 du camp des r\u00e9fugi\u00e9s de M\u2019Ber\u00e9, pour discuter de l&#8217;efficacit\u00e9 des plans en cours en vue du traitement des cas de paludisme et de l&#8217;importance de la sensibilisation et de la mobilisation pour vacciner la population contre la fi\u00e8vre palud\u00e9enne.<\/p>\n<p>En marge de cette visite, le m\u00e9decin-chef de la moughataa , Mohamed Souleymane Ould Elemine, a fait une d\u00e9claration \u00e0 la presse dans laquelle il indiqu\u00e9 que cette visite a permis de passer en revue la situation \u00e9pid\u00e9miologique de la fi\u00e8vre palud\u00e9enne dans la moughataa , ajoutant que cette ann\u00e9e la moughataa a connu des quantit\u00e9s importantes de pluie, un facteur qui a conduit \u00e0 la propagation des moustiques, ce qui a conduit \u00e0 une augmentation du nombre de patients atteints de paludisme, rappelant que la visite lui a \u00e9galement permis de passer en revue les efforts du secteur \u00e0 cet \u00e9gard, ajoutant que les points et centres de sant\u00e9 dans la province sont enti\u00e8rement pr\u00e9par\u00e9s \u00e0 traiter les cas de maladies et que les campagnes de sensibilisation ont contribu\u00e9 \u00e0 r\u00e9duire l&#8217;incidence des infections.<\/p>\n<p>Il a appel\u00e9 les habitants \u00e0 utiliser des moustiquaires impr\u00e9gn\u00e9es pour se prot\u00e9ger de cette maladie.<\/p>\n<p>Le ministre \u00e9tait accompagn\u00e9 du hakem de la moughataa de Bassekinou, M. Ahmed Mahmoud Ould El Naissane, du d\u00e9put\u00e9 de la moughataa de Bassekinou, M. Mohamed Mahmoud Ould Sidi, du directeur du centre hospitalier du Bassekinou, des maires des communes de la moughataa, du directeur r\u00e9gional du minist\u00e8re de la sant\u00e9 et des autorit\u00e9s s\u00e9curitaires et militaires de la wilaya.<\/p>\n<\/div>\n<\/div>\n<\/div>\n","protected":false},"excerpt":{"rendered":"<p>Le ministre de la Sant\u00e9, M. Abdallah Ould Sidi Mohamed Wadih, accompagn\u00e9 du wali du Hodh Charghi, M. Isselmou Ould Sidi, a effectu\u00e9 samedi soir une visite d&#8217;inspection au centre hospitalier de Basseknou et au centre de sant\u00e9 du camp des r\u00e9fugi\u00e9s maliens de M\u2019Ber\u00e9, danzs l\u2019arrondissement de Fassala. A chaque \u00e9tape de la visite, [&hellip;]<\/p>\n","protected":false},"author":8,"featured_media":256794,"comment_status":"open","ping_status":"open","sticky":false,"template":"","format":"standard","meta":{"footnotes":""},"categories":[63918,63957],"tags":[],"class_list":["post-256793","post","type-post","status-publish","format-standard","has-post-thumbnail","hentry","category-autres","category-fil-dactualite"],"_links":{"self":[{"href":"https:\/\/ami.mr\/fr\/wp-json\/wp\/v2\/posts\/256793","targetHints":{"allow":["GET"]}}],"collection":[{"href":"https:\/\/ami.mr\/fr\/wp-json\/wp\/v2\/posts"}],"about":[{"href":"https:\/\/ami.mr\/fr\/wp-json\/wp\/v2\/types\/post"}],"author":[{"embeddable":true,"href":"https:\/\/ami.mr\/fr\/wp-json\/wp\/v2\/users\/8"}],"replies":[{"embeddable":true,"href":"https:\/\/ami.mr\/fr\/wp-json\/wp\/v2\/comments?post=256793"}],"version-history":[{"count":1,"href":"https:\/\/ami.mr\/fr\/wp-json\/wp\/v2\/posts\/256793\/revisions"}],"predecessor-version":[{"id":256795,"href":"https:\/\/ami.mr\/fr\/wp-json\/wp\/v2\/posts\/256793\/revisions\/256795"}],"wp:featuredmedia":[{"embeddable":true,"href":"https:\/\/ami.mr\/fr\/wp-json\/wp\/v2\/media\/256794"}],"wp:attachment":[{"href":"https:\/\/ami.mr\/fr\/wp-json\/wp\/v2\/media?parent=256793"}],"wp:term":[{"taxonomy":"category","embeddable":true,"href":"https:\/\/ami.mr\/fr\/wp-json\/wp\/v2\/categories?post=256793"},{"taxonomy":"post_tag","embeddable":true,"href":"https:\/\/ami.mr\/fr\/wp-json\/wp\/v2\/tags?post=256793"}],"curies":[{"name":"wp","href":"https:\/\/api.w.org\/{rel}","templated":true}]}}