{"id":256562,"date":"2024-10-16T22:30:08","date_gmt":"2024-10-16T22:30:08","guid":{"rendered":"https:\/\/ami.mr\/fr\/?p=256562"},"modified":"2024-10-16T22:30:08","modified_gmt":"2024-10-16T22:30:08","slug":"le-president-de-la-republique-et-la-presidente-de-linde-soulignent-la-necessite-de-developper-les-relations-entre-les-deux-pays-a-tous-les-niveaux","status":"publish","type":"post","link":"https:\/\/ami.mr\/fr\/archives\/256562","title":{"rendered":"Le Pr\u00e9sident de la R\u00e9publique et la Pr\u00e9sidente de l&#8217;Inde soulignent la n\u00e9cessit\u00e9 de d\u00e9velopper les relations entre les deux pays \u00e0 tous les niveaux"},"content":{"rendered":"<p>Lors de leurs entretiens, mercredi, au Palais pr\u00e9sidentiel \u00e0 Nouakchott, SE le pr\u00e9sident de la R\u00e9publique et pr\u00e9sident de l&#8217;Union africaine, M. Mohamed Ould Cheikh El-Ghazouani et SEMme Draupadi Murmu, pr\u00e9sidente de la R\u00e9publique de l&#8217;Inde, ont soulign\u00e9 l&#8217;importance du d\u00e9veloppement des relations entre la Mauritanie et l&#8217;Inde \u00e0 tous les niveaux, notamment dans les domaines diplomatique, culturel et \u00e9conomique, mettant l&#8217;accent sur le renforcement de la coop\u00e9ration dans les secteurs des industries extractives, des produits pharmaceutiques et des fournitures m\u00e9dicales, de l&#8217;agriculture et du d\u00e9veloppement des technologies num\u00e9riques.<\/p>\n<p>C&#8217;est ce qu&#8217;indique le communiqu\u00e9 de presse parvenu \u00e0 l&#8217;Agence Mauritanienne d&#8217;Information :<\/p>\n<p>\u00ab A l&#8217;invitation de S.E. le Pr\u00e9sident de la R\u00e9publique Islamique de Mauritanie, Monsieur Mohamed Ould Cheikh El-Ghazouani, Son Excellence Madame Draupadi Murmu, Pr\u00e9sidente de la R\u00e9publique de l&#8217;Inde, a effectu\u00e9 une visite d&#8217;amiti\u00e9 et de travail en Mauritanie, le mercredi 16 octobre 2024, \u00e0 la t\u00eate d&#8217;une d\u00e9l\u00e9gation de haut niveau.<\/p>\n<p>&#8211; Apr\u00e8s la c\u00e9r\u00e9monie officielle d&#8217;accueil qui a comport\u00e9 la revue des formations d&#8217;honneur et l&#8217;\u00e9change de v\u0153ux, les deux parties ont eu des entretiens bilat\u00e9raux en priv\u00e9 qui se sont \u00e9largis par la suite aux membres des deux d\u00e9l\u00e9gations.<\/p>\n<p>&#8211; Les discussions ont port\u00e9 sur le renforcement des liens d&#8217;amiti\u00e9 et de partenariat entre les deux pays. Les deux parties ont \u00e9galement \u00e9chang\u00e9 leurs points de vue sur les d\u00e9fis communs aux niveaux r\u00e9gional et international et ont discut\u00e9 des moyens de renforcer la coop\u00e9ration pour y faire face.<\/p>\n<p>&#8211; Sur le plan bilat\u00e9ral, les deux parties ont soulign\u00e9 la grande importance du d\u00e9veloppement des relations entre la Mauritanie et l&#8217;Inde \u00e0 tous les niveaux, notamment dans les domaines diplomatique, culturel et \u00e9conomique, en mettant l&#8217;accent sur le renforcement de la coop\u00e9ration dans les secteurs des industries extractives, des produits pharmaceutiques et des fournitures m\u00e9dicales, de l&#8217;agriculture et du d\u00e9veloppement des technologies num\u00e9riques.<\/p>\n<p>&#8211; Les deux parties ont soulign\u00e9 la n\u00e9cessit\u00e9 d&#8217;acc\u00e9l\u00e9rer l&#8217;ach\u00e8vement des proc\u00e9dures pour les accords de coop\u00e9ration dans ces domaines, y compris l&#8217;\u00e9tablissement d&#8217;une commission mixte comme cadre juridique pour renforcer la coop\u00e9ration bilat\u00e9rale, qui sera sign\u00e9 prochainement.<\/p>\n<p>&#8211; En ce qui concerne les affaires r\u00e9gionales et internationales, les discussions ont port\u00e9 sur des questions d&#8217;int\u00e9r\u00eat commun, notamment les d\u00e9fis \u00e9conomiques, sociaux, s\u00e9curitaires et environnementaux. L&#8217;importance du d\u00e9veloppement durable et de la coop\u00e9ration dans les domaines de l&#8217;\u00e9nergie renouvelable, en particulier l&#8217;investissement dans l&#8217;hydrog\u00e8ne vert pour promouvoir une \u00e9conomie verte et minimiser l&#8217;impact sur l&#8217;environnement, a \u00e9galement \u00e9t\u00e9 soulign\u00e9e.<\/p>\n<p>&#8211; En ce qui concerne la lutte contre le terrorisme, les deux parties ont soulign\u00e9 l&#8217;importance d&#8217;intensifier la coop\u00e9ration r\u00e9gionale et internationale pour relever ce d\u00e9fi mondial.<\/p>\n<p>&#8211; Dans le contexte de la d\u00e9t\u00e9rioration de la situation s\u00e9curitaire au Moyen-Orient, le Pr\u00e9sident de la R\u00e9publique a r\u00e9it\u00e9r\u00e9 sa ferme condamnation des crimes contre l&#8217;humanit\u00e9 et des massacres commis par Isra\u00ebl en Palestine et au Liban, soulignant la n\u00e9cessit\u00e9 d&#8217;intensifier la concertation et la coordination afin de promouvoir un cessez-le-feu imm\u00e9diat et permanent, tout en \u0153uvrant pour parvenir \u00e0 une solution pacifique globale qui garantisse au peuple palestinien son droit \u00e0 un \u00c9tat ind\u00e9pendant avec J\u00e9rusalem-Est comme capitale et \u00e9tablisse une paix juste et globale dans la r\u00e9gion.<\/p>\n<p>&#8211; Les deux parties ont \u00e9galement soulign\u00e9 la n\u00e9cessit\u00e9 de renforcer la coop\u00e9ration multilat\u00e9rale en faveur du respect du droit international et de la charte des Nations unies, tout en insistant sur l&#8217;importance de r\u00e9former le syst\u00e8me de gouvernance internationale pour le rendre plus juste, \u00e9quilibr\u00e9 et \u00e9quitable.<\/p>\n<p>&#8211; Enfin, les deux parties ont soulign\u00e9 que cette visite repr\u00e9sente une \u00e9tape importante dans le processus d&#8217;approfondissement des liens d&#8217;amiti\u00e9 entre les deux pays et dans le renforcement et la diversification de leur coop\u00e9ration fructueuse et constructive.<\/p>\n<p>Son Excellence Mme Draupadi Murmu, Pr\u00e9sidente de la R\u00e9publique de l&#8217;Inde, a invit\u00e9 Son Excellence le Pr\u00e9sident de la R\u00e9publique, M. Mohamed Ould Cheikh El-Ghazouani, \u00e0 se rendre en Inde.<\/p>\n<p>Son Excellence a accept\u00e9 l&#8217;invitation, en attendant que la date d&#8217;une telle visite soit d\u00e9termin\u00e9e par voie diplomatique.<\/p>\n","protected":false},"excerpt":{"rendered":"<p>Lors de leurs entretiens, mercredi, au Palais pr\u00e9sidentiel \u00e0 Nouakchott, SE le pr\u00e9sident de la R\u00e9publique et pr\u00e9sident de l&#8217;Union africaine, M. Mohamed Ould Cheikh El-Ghazouani et SEMme Draupadi Murmu, pr\u00e9sidente de la R\u00e9publique de l&#8217;Inde, ont soulign\u00e9 l&#8217;importance du d\u00e9veloppement des relations entre la Mauritanie et l&#8217;Inde \u00e0 tous les niveaux, notamment dans les [&hellip;]<\/p>\n","protected":false},"author":13,"featured_media":256563,"comment_status":"open","ping_status":"open","sticky":false,"template":"","format":"standard","meta":{"footnotes":""},"categories":[63919,63957,25,63921,63926],"tags":[],"class_list":["post-256562","post","type-post","status-publish","format-standard","has-post-thumbnail","hentry","category-choix-du-redacteur","category-fil-dactualite","category-25","category-slider-afficher","category-slider-general"],"_links":{"self":[{"href":"https:\/\/ami.mr\/fr\/wp-json\/wp\/v2\/posts\/256562","targetHints":{"allow":["GET"]}}],"collection":[{"href":"https:\/\/ami.mr\/fr\/wp-json\/wp\/v2\/posts"}],"about":[{"href":"https:\/\/ami.mr\/fr\/wp-json\/wp\/v2\/types\/post"}],"author":[{"embeddable":true,"href":"https:\/\/ami.mr\/fr\/wp-json\/wp\/v2\/users\/13"}],"replies":[{"embeddable":true,"href":"https:\/\/ami.mr\/fr\/wp-json\/wp\/v2\/comments?post=256562"}],"version-history":[{"count":1,"href":"https:\/\/ami.mr\/fr\/wp-json\/wp\/v2\/posts\/256562\/revisions"}],"predecessor-version":[{"id":256564,"href":"https:\/\/ami.mr\/fr\/wp-json\/wp\/v2\/posts\/256562\/revisions\/256564"}],"wp:featuredmedia":[{"embeddable":true,"href":"https:\/\/ami.mr\/fr\/wp-json\/wp\/v2\/media\/256563"}],"wp:attachment":[{"href":"https:\/\/ami.mr\/fr\/wp-json\/wp\/v2\/media?parent=256562"}],"wp:term":[{"taxonomy":"category","embeddable":true,"href":"https:\/\/ami.mr\/fr\/wp-json\/wp\/v2\/categories?post=256562"},{"taxonomy":"post_tag","embeddable":true,"href":"https:\/\/ami.mr\/fr\/wp-json\/wp\/v2\/tags?post=256562"}],"curies":[{"name":"wp","href":"https:\/\/api.w.org\/{rel}","templated":true}]}}