{"id":256253,"date":"2024-10-11T20:30:17","date_gmt":"2024-10-11T20:30:17","guid":{"rendered":"https:\/\/ami.mr\/fr\/?p=256253"},"modified":"2024-10-12T14:38:30","modified_gmt":"2024-10-12T14:38:30","slug":"la-delegation-de-haut-niveau-de-lunion-africaine-en-charge-du-dossier-libyen-sentretient-avec-le-president-du-conseil-presidentiel-et-le-chef-du-gouvernement-libyens","status":"publish","type":"post","link":"https:\/\/ami.mr\/fr\/archives\/256253","title":{"rendered":"Une mission de haut niveau de l&#8217;UA discute de la r\u00e9conciliation avec le Conseil pr\u00e9sidentiel et le Premier ministre libyens"},"content":{"rendered":"<div class=\"row\">\n<div class=\"cell auto-size\">\n<div class=\"set-border bd-gray padding10 margin10 no-margin-right no-margin-left \" dir=\"ltr\">\n<p>Une mission de l&#8217;Union africaine (UA), conduite par Son Excellence Mohamed Ould Cheikh El Ghazouani, Pr\u00e9sident de la R\u00e9publique et Pr\u00e9sident en exercice de l&#8217;Union africaine, a eu des entretiens, les 10 et 11 octobre, avec le Conseil pr\u00e9sidentiel libyen dirig\u00e9 par Mohamed El Menfi et le Premier ministre du gouvernement d&#8217;union nationale, Abdelhamid Debiba, dans le but de faire avancer le dossier de la r\u00e9conciliation nationale libyenne, indique un communiqu\u00e9 de la Commission de l&#8217;Union africaine (CUA).<br \/>\nVoici le texte, dans son int\u00e9gralit\u00e9, de ce comminiqu\u00e9 :<br \/>\n\u00abDans le cadre des efforts continus de l&#8217;Union africaine (UA) pour renforcer sa solidarit\u00e9 ind\u00e9fectible avec le peuple libyen afin de surmonter les d\u00e9fis conjoncturels auxquels il est confront\u00e9, et en appui au processus de r\u00e9conciliation nationale, une mission de l&#8217;UA, conduite par S.E. M. Mohamed Ould Cheikh El Ghazouani, Pr\u00e9sident de la R\u00e9publique islamique de Mauritanie et Pr\u00e9sident de l&#8217;Union africaine (UA), et compos\u00e9e de M. Moussa Faki Mahamat, Pr\u00e9sident de la Commission de l&#8217;UA, de M. Jean-Claude Jacoussou, Ministre des Affaires \u00e9trang\u00e8res, de la Francophonie et des Congolais de l&#8217;\u00e9tranger, Repr\u00e9sentant sp\u00e9cial de S.E. M. Denis Sassou Nguesso, Pr\u00e9sident de la R\u00e9publique du Congo, Pr\u00e9sident de la Commission de Haut niveau sur la LIbye, a effectu\u00e9 les 11 et 12 octobre 2024 une visite \u00e0 Tripoli la capitale libyenne.<br \/>\nAu cours de cette visite, la mission a rencontr\u00e9 le Conseil pr\u00e9sidentiel libyen, pr\u00e9sid\u00e9 par M. Mohamed Al-Manfi, en pr\u00e9sence de M. Abdullah Al-Lafi, vice- pr\u00e9sident du Conseil pr\u00e9sidentiel, et de M. Abdelhamid Debiba, Premier ministre du gouvernement d&#8217;union nationale.<br \/>\nLes discussions se sont d\u00e9roul\u00e9es dans une atmosph\u00e8re de responsabilit\u00e9 et de fraternit\u00e9 sinc\u00e8re ; elles ont permis de faire le point sur le dossier de la r\u00e9conciliation et sur la n\u00e9cessit\u00e9 de le faire avancer par le biais d&#8217;une r\u00e9union consultative inclusive devant aboutir \u00e0 la ratification d&#8217;une charte de r\u00e9conciliation nationale\u00bb<\/p>\n<\/div>\n<\/div>\n<\/div>\n","protected":false},"excerpt":{"rendered":"<p>Une mission de l&#8217;Union africaine (UA), conduite par Son Excellence Mohamed Ould Cheikh El Ghazouani, Pr\u00e9sident de la R\u00e9publique et Pr\u00e9sident en exercice de l&#8217;Union africaine, a eu des entretiens, les 10 et 11 octobre, avec le Conseil pr\u00e9sidentiel libyen dirig\u00e9 par Mohamed El Menfi et le Premier ministre du gouvernement d&#8217;union nationale, Abdelhamid Debiba, [&hellip;]<\/p>\n","protected":false},"author":8,"featured_media":256254,"comment_status":"open","ping_status":"open","sticky":false,"template":"","format":"standard","meta":{"footnotes":""},"categories":[63957,25,63921,63926],"tags":[],"class_list":["post-256253","post","type-post","status-publish","format-standard","has-post-thumbnail","hentry","category-fil-dactualite","category-25","category-slider-afficher","category-slider-general"],"_links":{"self":[{"href":"https:\/\/ami.mr\/fr\/wp-json\/wp\/v2\/posts\/256253","targetHints":{"allow":["GET"]}}],"collection":[{"href":"https:\/\/ami.mr\/fr\/wp-json\/wp\/v2\/posts"}],"about":[{"href":"https:\/\/ami.mr\/fr\/wp-json\/wp\/v2\/types\/post"}],"author":[{"embeddable":true,"href":"https:\/\/ami.mr\/fr\/wp-json\/wp\/v2\/users\/8"}],"replies":[{"embeddable":true,"href":"https:\/\/ami.mr\/fr\/wp-json\/wp\/v2\/comments?post=256253"}],"version-history":[{"count":3,"href":"https:\/\/ami.mr\/fr\/wp-json\/wp\/v2\/posts\/256253\/revisions"}],"predecessor-version":[{"id":256278,"href":"https:\/\/ami.mr\/fr\/wp-json\/wp\/v2\/posts\/256253\/revisions\/256278"}],"wp:featuredmedia":[{"embeddable":true,"href":"https:\/\/ami.mr\/fr\/wp-json\/wp\/v2\/media\/256254"}],"wp:attachment":[{"href":"https:\/\/ami.mr\/fr\/wp-json\/wp\/v2\/media?parent=256253"}],"wp:term":[{"taxonomy":"category","embeddable":true,"href":"https:\/\/ami.mr\/fr\/wp-json\/wp\/v2\/categories?post=256253"},{"taxonomy":"post_tag","embeddable":true,"href":"https:\/\/ami.mr\/fr\/wp-json\/wp\/v2\/tags?post=256253"}],"curies":[{"name":"wp","href":"https:\/\/api.w.org\/{rel}","templated":true}]}}