{"id":256100,"date":"2024-10-09T15:35:32","date_gmt":"2024-10-09T15:35:32","guid":{"rendered":"https:\/\/ami.mr\/fr\/?p=256100"},"modified":"2024-10-09T15:35:32","modified_gmt":"2024-10-09T15:35:32","slug":"le-ministre-de-la-defense-recoit-lambassadeur-du-bresil-en-mauritanie","status":"publish","type":"post","link":"https:\/\/ami.mr\/fr\/archives\/256100","title":{"rendered":"Le ministre de la D\u00e9fense re\u00e7oit l\u2019ambassadeur du Br\u00e9sil en Mauritanie"},"content":{"rendered":"<p>Le ministre de la D\u00e9fense, des Retrait\u00e9s et des Enfants des Martyrs, M. Hanana Ould Sidi, a re\u00e7u en audience, mercredi \u00e0 Nouakchott, l\u2019Ambassadeur du Br\u00e9sil en Mauritanie, SEM Evaldo Freire.<\/p>\n<p>L\u2019audience, qui s\u2019est d\u00e9roul\u00e9e en pr\u00e9sence du secr\u00e9taire g\u00e9n\u00e9ral du minist\u00e8re, le g\u00e9n\u00e9ral de brigade Sa\u00efdou Samba Dia, a port\u00e9 sur les relations de coop\u00e9ration unissant les deux pays, ainsi sur les moyens de les renforcer davantage dans les domaines d\u2019intervention du d\u00e9partement.<\/p>\n","protected":false},"excerpt":{"rendered":"<p>Le ministre de la D\u00e9fense, des Retrait\u00e9s et des Enfants des Martyrs, M. Hanana Ould Sidi, a re\u00e7u en audience, mercredi \u00e0 Nouakchott, l\u2019Ambassadeur du Br\u00e9sil en Mauritanie, SEM Evaldo Freire. L\u2019audience, qui s\u2019est d\u00e9roul\u00e9e en pr\u00e9sence du secr\u00e9taire g\u00e9n\u00e9ral du minist\u00e8re, le g\u00e9n\u00e9ral de brigade Sa\u00efdou Samba Dia, a port\u00e9 sur les relations de [&hellip;]<\/p>\n","protected":false},"author":10,"featured_media":256102,"comment_status":"open","ping_status":"open","sticky":false,"template":"","format":"standard","meta":{"footnotes":""},"categories":[63918,63957,63959],"tags":[],"class_list":["post-256100","post","type-post","status-publish","format-standard","has-post-thumbnail","hentry","category-autres","category-fil-dactualite","category-mauritanie"],"_links":{"self":[{"href":"https:\/\/ami.mr\/fr\/wp-json\/wp\/v2\/posts\/256100","targetHints":{"allow":["GET"]}}],"collection":[{"href":"https:\/\/ami.mr\/fr\/wp-json\/wp\/v2\/posts"}],"about":[{"href":"https:\/\/ami.mr\/fr\/wp-json\/wp\/v2\/types\/post"}],"author":[{"embeddable":true,"href":"https:\/\/ami.mr\/fr\/wp-json\/wp\/v2\/users\/10"}],"replies":[{"embeddable":true,"href":"https:\/\/ami.mr\/fr\/wp-json\/wp\/v2\/comments?post=256100"}],"version-history":[{"count":1,"href":"https:\/\/ami.mr\/fr\/wp-json\/wp\/v2\/posts\/256100\/revisions"}],"predecessor-version":[{"id":256103,"href":"https:\/\/ami.mr\/fr\/wp-json\/wp\/v2\/posts\/256100\/revisions\/256103"}],"wp:featuredmedia":[{"embeddable":true,"href":"https:\/\/ami.mr\/fr\/wp-json\/wp\/v2\/media\/256102"}],"wp:attachment":[{"href":"https:\/\/ami.mr\/fr\/wp-json\/wp\/v2\/media?parent=256100"}],"wp:term":[{"taxonomy":"category","embeddable":true,"href":"https:\/\/ami.mr\/fr\/wp-json\/wp\/v2\/categories?post=256100"},{"taxonomy":"post_tag","embeddable":true,"href":"https:\/\/ami.mr\/fr\/wp-json\/wp\/v2\/tags?post=256100"}],"curies":[{"name":"wp","href":"https:\/\/api.w.org\/{rel}","templated":true}]}}