{"id":256032,"date":"2024-10-08T20:49:29","date_gmt":"2024-10-08T20:49:29","guid":{"rendered":"https:\/\/ami.mr\/fr\/?p=256032"},"modified":"2024-10-08T20:49:29","modified_gmt":"2024-10-08T20:49:29","slug":"le-president-de-la-republique-president-de-lunion-africaine-rencontre-le-president-allemand","status":"publish","type":"post","link":"https:\/\/ami.mr\/fr\/archives\/256032","title":{"rendered":"Le Pr\u00e9sident de la R\u00e9publique, Pr\u00e9sident de l&#8217;Union africaine, rencontre le Pr\u00e9sident allemand"},"content":{"rendered":"<div class=\"cell auto-size\">\n<div class=\"set-border bd-gray padding10 margin10 no-margin-right no-margin-left \" dir=\"ltr\">\n<p><img decoding=\"async\" class=\" wp-image-208859 alignleft\" src=\"https:\/\/www.ami.mr\/wp-content\/uploads\/2024\/10\/al-300x196.jpg\" alt=\"\" width=\"321\" height=\"210\" \/>S.E. le pr\u00e9sident de la R\u00e9publique et pr\u00e9sident de l&#8217;Union africaine, M. Mohamed Ould Cheikh El-Ghazouani, a \u00e9t\u00e9 re\u00e7u, mardi matin, par S.E. le pr\u00e9sident de la R\u00e9publique F\u00e9d\u00e9rale d&#8217;Allemagne, Frank-Walter Steinmeier, au palais pr\u00e9sidentiel \u00e0 Berlin.<\/p>\n<p>\u00c0 son arriv\u00e9e \u00e0 l&#8217;a\u00e9roport de Berlin en provenance de Hambourg, Son Excellence a \u00e9t\u00e9 salu\u00e9 par une formation militaire au son de l&#8217;hymne national.<\/p>\n<p>La r\u00e9union a \u00e9t\u00e9 consacr\u00e9e \u00e0 l&#8217;examen des relations bilat\u00e9rales entre les deux pays, des moyens d&#8217;une coop\u00e9ration fructueuse et des possibilit\u00e9s d&#8217;investissement dans les deux pays, ainsi que des questions r\u00e9gionales, africaines et internationales.<\/p>\n<p>Au cours de l&#8217;entretien, S.E. le Pr\u00e9sident de la R\u00e9publique a salu\u00e9 le r\u00f4le jou\u00e9 par l&#8217;Allemagne dans l&#8217;adoption de la Charte de l&#8217;Avenir et ce qu&#8217;elle offre pour faire face aux profondes transformations du monde, tout en appr\u00e9ciant le soutien g\u00e9n\u00e9reux de l&#8217;Allemagne \u00e0 la Mauritanie dans les diff\u00e9rents domaines de coop\u00e9ration.<\/p>\n<p>Pour sa part, le Pr\u00e9sident allemand a f\u00e9licit\u00e9 S.E. le Pr\u00e9sident de la R\u00e9publique pour le succ\u00e8s et le d\u00e9veloppement de l&#8217;exp\u00e9rience d\u00e9mocratique en Mauritanie, d\u00e9clarant la disponibilit\u00e9 de l&#8217;Allemagne \u00e0 poursuivre la coop\u00e9ration avec la Mauritanie et \u00e0 soutenir ses politiques, louant le r\u00f4le central de la Mauritanie dans le maintien de la s\u00e9curit\u00e9 et de la stabilit\u00e9 dans la r\u00e9gion, et f\u00e9licitant S.E. le Pr\u00e9sident de la R\u00e9publique pour la politique de prise en charge de la jeunesse et l&#8217;importance de ce groupe dans la construction nationale et le danger de ne pas l&#8217;impliquer dans la gestion des affaires, soulignant la disponibilit\u00e9 de l&#8217;Allemagne \u00e0 poursuivre son soutien dans le domaine de la formation professionnelle pour le b\u00e9n\u00e9fice de notre pays.<\/p>\n<p><img decoding=\"async\" class=\" wp-image-208856 alignleft\" src=\"https:\/\/www.ami.mr\/wp-content\/uploads\/2024\/10\/facebook_1728418205514_7249511393062219438-300x194.jpg\" alt=\"\" width=\"322\" height=\"208\" \/>A l&#8217;issue de cette rencontre, S.E. le Pr\u00e9sident de la R\u00e9publique Mohamed Ould Cheikh El Ghazouani a invit\u00e9 le Pr\u00e9sident allemand \u00e0 effectuer une visite officielle en Mauritanie, ce qui a \u00e9t\u00e9 accept\u00e9, la date devant \u00eatre d\u00e9termin\u00e9e par les voies diplomatiques habituelles.<\/p>\n<p>Outre S.E. le Pr\u00e9sident de la R\u00e9publique, l&#8217;entretien s&#8217;est d\u00e9roul\u00e9 en pr\u00e9sence de S.E. le Ministre charg\u00e9 du Cabinet du Pr\u00e9sident de la R\u00e9publique, M. Nani Ould Chrougha, de S.E. le Ministre de l&#8217;Economie et des Finances, M. Sid&#8217;Ahmed Ould Bouh, et de S.E.M l&#8217;Ambassadeur de notre pays aupr\u00e8s de la R\u00e9publique F\u00e9d\u00e9rale d&#8217;Allemagne, M. Boubacar Kane.<\/p>\n<p>\u00c9taient \u00e9galement pr\u00e9sents aux c\u00f4t\u00e9s du pr\u00e9sident allemand Dr Tobias Lindner, membre du Parlement allemand (Bundestag), ministre d&#8217;\u00c9tat au minist\u00e8re f\u00e9d\u00e9ral des affaires \u00e9trang\u00e8res,, Dr Dore Dinger, secr\u00e9taire d&#8217;\u00c9tat, directeur du cabinet du pr\u00e9sident f\u00e9d\u00e9ral, M. Wolfgang Silbermann, directeur minist\u00e9riel, chef de la politique \u00e9trang\u00e8re, M. Thomas Wimmer, conseiller minist\u00e9riel, M. Tobias Scheufele, charg\u00e9 des relations avec la presse et Mme Marion Abel, assistante personnelle du chef du cabinet du pr\u00e9sident f\u00e9d\u00e9ral.<\/p>\n<p>&nbsp;<\/p>\n<p>&nbsp;<\/p>\n<p>&nbsp;<\/p>\n<\/div>\n<\/div>\n<p>&nbsp;<\/p>\n<p>&nbsp;<\/p>\n<p>&nbsp;<\/p>\n<p>&nbsp;<\/p>\n","protected":false},"excerpt":{"rendered":"<p>S.E. le pr\u00e9sident de la R\u00e9publique et pr\u00e9sident de l&#8217;Union africaine, M. Mohamed Ould Cheikh El-Ghazouani, a \u00e9t\u00e9 re\u00e7u, mardi matin, par S.E. le pr\u00e9sident de la R\u00e9publique F\u00e9d\u00e9rale d&#8217;Allemagne, Frank-Walter Steinmeier, au palais pr\u00e9sidentiel \u00e0 Berlin. \u00c0 son arriv\u00e9e \u00e0 l&#8217;a\u00e9roport de Berlin en provenance de Hambourg, Son Excellence a \u00e9t\u00e9 salu\u00e9 par une [&hellip;]<\/p>\n","protected":false},"author":13,"featured_media":256034,"comment_status":"open","ping_status":"open","sticky":false,"template":"","format":"standard","meta":{"footnotes":""},"categories":[63919,63957,25,63921,63926],"tags":[],"class_list":["post-256032","post","type-post","status-publish","format-standard","has-post-thumbnail","hentry","category-choix-du-redacteur","category-fil-dactualite","category-25","category-slider-afficher","category-slider-general"],"_links":{"self":[{"href":"https:\/\/ami.mr\/fr\/wp-json\/wp\/v2\/posts\/256032","targetHints":{"allow":["GET"]}}],"collection":[{"href":"https:\/\/ami.mr\/fr\/wp-json\/wp\/v2\/posts"}],"about":[{"href":"https:\/\/ami.mr\/fr\/wp-json\/wp\/v2\/types\/post"}],"author":[{"embeddable":true,"href":"https:\/\/ami.mr\/fr\/wp-json\/wp\/v2\/users\/13"}],"replies":[{"embeddable":true,"href":"https:\/\/ami.mr\/fr\/wp-json\/wp\/v2\/comments?post=256032"}],"version-history":[{"count":1,"href":"https:\/\/ami.mr\/fr\/wp-json\/wp\/v2\/posts\/256032\/revisions"}],"predecessor-version":[{"id":256040,"href":"https:\/\/ami.mr\/fr\/wp-json\/wp\/v2\/posts\/256032\/revisions\/256040"}],"wp:featuredmedia":[{"embeddable":true,"href":"https:\/\/ami.mr\/fr\/wp-json\/wp\/v2\/media\/256034"}],"wp:attachment":[{"href":"https:\/\/ami.mr\/fr\/wp-json\/wp\/v2\/media?parent=256032"}],"wp:term":[{"taxonomy":"category","embeddable":true,"href":"https:\/\/ami.mr\/fr\/wp-json\/wp\/v2\/categories?post=256032"},{"taxonomy":"post_tag","embeddable":true,"href":"https:\/\/ami.mr\/fr\/wp-json\/wp\/v2\/tags?post=256032"}],"curies":[{"name":"wp","href":"https:\/\/api.w.org\/{rel}","templated":true}]}}