{"id":256027,"date":"2024-10-08T20:00:14","date_gmt":"2024-10-08T20:00:14","guid":{"rendered":"https:\/\/ami.mr\/fr\/?p=256027"},"modified":"2024-10-08T20:00:14","modified_gmt":"2024-10-08T20:00:14","slug":"ouverture-des-travaux-dune-session-de-formation-des-imams-de-mosquee-a-nouakchott","status":"publish","type":"post","link":"https:\/\/ami.mr\/fr\/archives\/256027","title":{"rendered":"Ouverture des travaux d&#8217;une session de formation des imams de mosqu\u00e9e \u00e0 Nouakchott"},"content":{"rendered":"<div class=\"cell auto-size\">\n<div class=\"set-border bd-gray padding10 margin10 no-margin-right no-margin-left \" dir=\"ltr\">\n<p>Le ministre des affaires islamiques et de l&#8217;enseignement originel, M. Sidi Yahya Ould Cheikhna Ould Lemrabott, a supervis\u00e9, mardi matin, les travaux d&#8217;une session de formation de deux jours des imams des mosqu\u00e9es de Nouakchott.<\/p>\n<p>Cette formation s&#8217;inscrit dans le cadre du programme de formation continue des imams et pr\u00e9dicateurs des mosqu\u00e9es, mis en place par le minist\u00e8re des affaires islamiques, en vue de cr\u00e9er une \u00e9lite capable de d\u00e9livrer un discours religieux constructif qui rejette la division, la violence et l&#8217;extr\u00e9misme et encourage l&#8217;unit\u00e9 et l&#8217;adh\u00e9sion aux valeurs authentiques de l&#8217;Islam.<\/p>\n<p>Durant ces deux jours, les conf\u00e9renciers aborderont des th\u00e8mes tels que la mission de la mosqu\u00e9e, le r\u00f4le des imams dans la protection de l&#8217;unit\u00e9 nationale, la s\u00e9curit\u00e9 et la lutte contre la corruption, ainsi qu&#8217;une pr\u00e9sentation sur \u00ab les techniques de pr\u00e9dication \u00e0 travers les m\u00e9dias sociaux \u00bb.<\/p>\n<p>Dans son allocution \u00e0 cette occasion, le ministre a expliqu\u00e9 que ce forum de formation s&#8217;inscrit dans le cadre de l&#8217;int\u00e9r\u00eat port\u00e9 par le D\u00e9partement \u00e0 la mise en \u0153uvre des directives de S.E. le Pr\u00e9sident de la R\u00e9publique concernant le secteur des affaires islamiques, notamment les mosqu\u00e9es et les mahadras, que le gouvernement de S.E. le Premier ministre M. Mokhtar Ould Diay, s&#8217;emploie \u00e0 concr\u00e9tiser sur le terrain, soulignant l&#8217;importance du r\u00f4le de l&#8217;imam dans la conduite des fid\u00e8les et leur orientation vers les bonnes actions et l&#8217;attention port\u00e9e \u00e0 la science et au savoir.<\/p>\n<p>Pour sa part, le secr\u00e9taire g\u00e9n\u00e9ral de l&#8217;association des oul\u00e9mas mauritaniens, M. Cheikh Ould Saleh, a indiqu\u00e9 que l&#8217;histoire du rayonnement culturel de notre pays et sa r\u00e9alit\u00e9 distingu\u00e9e dans le domaine des sciences lui imposent de prendre soin des mosqu\u00e9es et de contribuer \u00e0 l&#8217;accomplissement de leur mission sacr\u00e9e, soulignant que les imams ont le devoir d&#8217;assumer leurs responsabilit\u00e9s \u00e0 l&#8217;\u00e9gard de la soci\u00e9t\u00e9 \u00e0 travers l&#8217;\u00e9ducation avec une bonne pr\u00e9dication et en d\u00e9ployant des efforts orientant les citoyens vers la recherche du savoir et le renforcement des capacit\u00e9s.<\/p>\n<p>Pour sa part, le pr\u00e9sident de l&#8217;Union nationale des imams de Mauritanie, M. Cheikh Mohamed Lemine Ould Amahoud, s&#8217;est f\u00e9licit\u00e9 de l&#8217;organisation de ce forum qui, a-t-il dit, permettra de rehausser les capacit\u00e9s scientifiques des imams, ce qui leur permettra de s&#8217;acquitter de leur mission et de participer de mani\u00e8re constructive au processus de d\u00e9veloppement national.<\/p>\n<p>Pour sa part, le maire de la commune de Tecragh-Zeina, M. Taleb Ould El Mahjoub, a exprim\u00e9 ses vifs remerciements au minist\u00e8re pour les efforts qu&#8217;il d\u00e9ploie dans le cadre de la mise en \u0153uvre du programme social de S.E. le Pr\u00e9sident de la R\u00e9publique, M. Mohamed Ould Cheikh El Ghazouani.<\/p>\n<p>La c\u00e9r\u00e9monie d&#8217;ouverture s&#8217;est d\u00e9roul\u00e9e en pr\u00e9sence du secr\u00e9taire g\u00e9n\u00e9ral du minist\u00e8re, M. Baitallah Ould Ahmed Lessoud, du wali de Nouakchott Ouest et d&#8217;un certain nombre d&#8217;\u00e9rudits, d&#8217;imams et de cadres du minist\u00e8re.<\/p>\n<\/div>\n<\/div>\n","protected":false},"excerpt":{"rendered":"<p>Le ministre des affaires islamiques et de l&#8217;enseignement originel, M. Sidi Yahya Ould Cheikhna Ould Lemrabott, a supervis\u00e9, mardi matin, les travaux d&#8217;une session de formation de deux jours des imams des mosqu\u00e9es de Nouakchott. Cette formation s&#8217;inscrit dans le cadre du programme de formation continue des imams et pr\u00e9dicateurs des mosqu\u00e9es, mis en place [&hellip;]<\/p>\n","protected":false},"author":13,"featured_media":256028,"comment_status":"open","ping_status":"open","sticky":false,"template":"","format":"standard","meta":{"footnotes":""},"categories":[63918,63919,63957,63959],"tags":[],"class_list":["post-256027","post","type-post","status-publish","format-standard","has-post-thumbnail","hentry","category-autres","category-choix-du-redacteur","category-fil-dactualite","category-mauritanie"],"_links":{"self":[{"href":"https:\/\/ami.mr\/fr\/wp-json\/wp\/v2\/posts\/256027","targetHints":{"allow":["GET"]}}],"collection":[{"href":"https:\/\/ami.mr\/fr\/wp-json\/wp\/v2\/posts"}],"about":[{"href":"https:\/\/ami.mr\/fr\/wp-json\/wp\/v2\/types\/post"}],"author":[{"embeddable":true,"href":"https:\/\/ami.mr\/fr\/wp-json\/wp\/v2\/users\/13"}],"replies":[{"embeddable":true,"href":"https:\/\/ami.mr\/fr\/wp-json\/wp\/v2\/comments?post=256027"}],"version-history":[{"count":1,"href":"https:\/\/ami.mr\/fr\/wp-json\/wp\/v2\/posts\/256027\/revisions"}],"predecessor-version":[{"id":256029,"href":"https:\/\/ami.mr\/fr\/wp-json\/wp\/v2\/posts\/256027\/revisions\/256029"}],"wp:featuredmedia":[{"embeddable":true,"href":"https:\/\/ami.mr\/fr\/wp-json\/wp\/v2\/media\/256028"}],"wp:attachment":[{"href":"https:\/\/ami.mr\/fr\/wp-json\/wp\/v2\/media?parent=256027"}],"wp:term":[{"taxonomy":"category","embeddable":true,"href":"https:\/\/ami.mr\/fr\/wp-json\/wp\/v2\/categories?post=256027"},{"taxonomy":"post_tag","embeddable":true,"href":"https:\/\/ami.mr\/fr\/wp-json\/wp\/v2\/tags?post=256027"}],"curies":[{"name":"wp","href":"https:\/\/api.w.org\/{rel}","templated":true}]}}