{"id":256024,"date":"2024-10-08T19:56:15","date_gmt":"2024-10-08T19:56:15","guid":{"rendered":"https:\/\/ami.mr\/fr\/?p=256024"},"modified":"2024-10-08T19:56:15","modified_gmt":"2024-10-08T19:56:15","slug":"nema-formation-des-maires-sur-les-mecanismes-de-negociation-le-budget-participatif-et-les-techniques-darchivage","status":"publish","type":"post","link":"https:\/\/ami.mr\/fr\/archives\/256024","title":{"rendered":"N\u00e9ma : Formation des maires sur les m\u00e9canismes de n\u00e9gociation, le budget participatif et les techniques d&#8217;archivage"},"content":{"rendered":"<div class=\"cell auto-size\">\n<div class=\"set-border bd-gray padding10 margin10 no-margin-right no-margin-left \" dir=\"ltr\">\n<p>Le directeur de cabinet du wali du Hodh Chargui, M. Sidi Mohamed Ould Mohamed Abdallahi, a supervis\u00e9, ce matin, \u00e0 N\u00e9ma, le lancement d&#8217;un atelier de formation au profit des maires et des secr\u00e9taires g\u00e9n\u00e9raux des communes de la wilaya.<\/p>\n<p>Cette formation vise \u00e0 former les maires, les secr\u00e9taires g\u00e9n\u00e9raux, les cadres administratifs et financiers de toutes les communes du Hodh Chargui, sur des contenus li\u00e9s aux m\u00e9canismes des march\u00e9s publics, au budget participatif et aux techniques d&#8217;archivage.<\/p>\n<p>Lors de l&#8217;ouverture de la session de formation, le directeur du cabinet du wali a soulign\u00e9 l&#8217;importance de tels ateliers pour affiner et d\u00e9velopper les comp\u00e9tences des responsables des affaires locales, soulignant que le programme d&#8217;appui au d\u00e9veloppement \u00e9conomique local et aux initiatives municipales, sous la tutelle de la direction g\u00e9n\u00e9rale des collectivit\u00e9s territoriales au minist\u00e8re de l&#8217;Int\u00e9rieur, de la Promotion de la D\u00e9centralisation et du D\u00e9veloppement local.<\/p>\n<p>Le programme vise \u00e9galement \u00e0 dynamiser le d\u00e9veloppement au niveau local \u00e0 travers la formation continue des maires et des secr\u00e9taires g\u00e9n\u00e9raux des communes, a-t-il ajout\u00e9, pr\u00e9cisant qu&#8217;il permettra la formation des maires, des secr\u00e9taires g\u00e9n\u00e9raux, des responsables administratifs et financiers \u00e0 travers l&#8217;ensemble des 37 communes du Hodh Chargui sur les th\u00e8mes de la gestion administrative et financi\u00e8re, des march\u00e9s publics et de l&#8217;archivage.<\/p>\n<\/div>\n<\/div>\n","protected":false},"excerpt":{"rendered":"<p>Le directeur de cabinet du wali du Hodh Chargui, M. Sidi Mohamed Ould Mohamed Abdallahi, a supervis\u00e9, ce matin, \u00e0 N\u00e9ma, le lancement d&#8217;un atelier de formation au profit des maires et des secr\u00e9taires g\u00e9n\u00e9raux des communes de la wilaya. Cette formation vise \u00e0 former les maires, les secr\u00e9taires g\u00e9n\u00e9raux, les cadres administratifs et financiers [&hellip;]<\/p>\n","protected":false},"author":13,"featured_media":256025,"comment_status":"open","ping_status":"open","sticky":false,"template":"","format":"standard","meta":{"footnotes":""},"categories":[63918,63919,63957,63923],"tags":[],"class_list":["post-256024","post","type-post","status-publish","format-standard","has-post-thumbnail","hentry","category-autres","category-choix-du-redacteur","category-fil-dactualite","category-slider-wilayas"],"_links":{"self":[{"href":"https:\/\/ami.mr\/fr\/wp-json\/wp\/v2\/posts\/256024","targetHints":{"allow":["GET"]}}],"collection":[{"href":"https:\/\/ami.mr\/fr\/wp-json\/wp\/v2\/posts"}],"about":[{"href":"https:\/\/ami.mr\/fr\/wp-json\/wp\/v2\/types\/post"}],"author":[{"embeddable":true,"href":"https:\/\/ami.mr\/fr\/wp-json\/wp\/v2\/users\/13"}],"replies":[{"embeddable":true,"href":"https:\/\/ami.mr\/fr\/wp-json\/wp\/v2\/comments?post=256024"}],"version-history":[{"count":1,"href":"https:\/\/ami.mr\/fr\/wp-json\/wp\/v2\/posts\/256024\/revisions"}],"predecessor-version":[{"id":256026,"href":"https:\/\/ami.mr\/fr\/wp-json\/wp\/v2\/posts\/256024\/revisions\/256026"}],"wp:featuredmedia":[{"embeddable":true,"href":"https:\/\/ami.mr\/fr\/wp-json\/wp\/v2\/media\/256025"}],"wp:attachment":[{"href":"https:\/\/ami.mr\/fr\/wp-json\/wp\/v2\/media?parent=256024"}],"wp:term":[{"taxonomy":"category","embeddable":true,"href":"https:\/\/ami.mr\/fr\/wp-json\/wp\/v2\/categories?post=256024"},{"taxonomy":"post_tag","embeddable":true,"href":"https:\/\/ami.mr\/fr\/wp-json\/wp\/v2\/tags?post=256024"}],"curies":[{"name":"wp","href":"https:\/\/api.w.org\/{rel}","templated":true}]}}