{"id":255794,"date":"2024-10-06T14:49:29","date_gmt":"2024-10-06T14:49:29","guid":{"rendered":"https:\/\/ami.mr\/fr\/?p=255794"},"modified":"2024-10-06T14:49:29","modified_gmt":"2024-10-06T14:49:29","slug":"le-wali-de-lassaba-preside-une-reunion-devaluation-des-preparatifs-de-louverture-des-ecoles","status":"publish","type":"post","link":"https:\/\/ami.mr\/fr\/archives\/255794","title":{"rendered":"Le wali de l&#8217;Assaba pr\u00e9side une r\u00e9union d&#8217;\u00e9valuation des pr\u00e9paratifs de l&#8217;ouverture des \u00e9coles"},"content":{"rendered":"<p>Le wali de l&#8217;Assaba, M. Ahmedou Ould Adahi Ould Khteira, a pr\u00e9sid\u00e9, dimanche \u00e0 la salle des r\u00e9unions de la commune de Kiffa, une r\u00e9union d&#8217;\u00e9valuation sur les pr\u00e9paratifs de la rentr\u00e9e scolaire 2024-2025.<\/p>\n<p>Dans une allocution prononc\u00e9e \u00e0 cette occasion, le wali a expliqu\u00e9 que cette r\u00e9union \u00e9tait la derni\u00e8re portant sur l\u2019\u00e9valuation des pr\u00e9paratifs avant l&#8217;ouverture de la nouvelle ann\u00e9e scolaire lundi 7 octobre.<\/p>\n<p>Il a indiqu\u00e9 que le niveau de mobilisation a atteint son maximum, exprimant sa satisfaction de la pr\u00e9sence des enseignants et de la disposition des parents \u00e0 accompagner l&#8217;ouverture.<\/p>\n<p>Pour sa part, le maire de la commune de Kiffa, M. Jemal Ould Kaboud, s\u2019est f\u00e9licit\u00e9 de la tenue de cette rencontre et du niveau de sensibilisation et de mobilisation visant \u00e0 faire de la rentr\u00e9e scolaire une r\u00e9ussite.<\/p>\n<p>La r\u00e9union s&#8217;est d\u00e9roul\u00e9e en pr\u00e9sence du directeur du cabinet du wali de l&#8217;Assaba, M. Ahmed Bezeid Ould Ahmed Yacoub, et des repr\u00e9sentants des parents d&#8217;\u00e9l\u00e8ves.<\/p>\n","protected":false},"excerpt":{"rendered":"<p>Le wali de l&#8217;Assaba, M. Ahmedou Ould Adahi Ould Khteira, a pr\u00e9sid\u00e9, dimanche \u00e0 la salle des r\u00e9unions de la commune de Kiffa, une r\u00e9union d&#8217;\u00e9valuation sur les pr\u00e9paratifs de la rentr\u00e9e scolaire 2024-2025. Dans une allocution prononc\u00e9e \u00e0 cette occasion, le wali a expliqu\u00e9 que cette r\u00e9union \u00e9tait la derni\u00e8re portant sur l\u2019\u00e9valuation des [&hellip;]<\/p>\n","protected":false},"author":18,"featured_media":255795,"comment_status":"open","ping_status":"open","sticky":false,"template":"","format":"standard","meta":{"footnotes":""},"categories":[63918,63957,8672],"tags":[],"class_list":["post-255794","post","type-post","status-publish","format-standard","has-post-thumbnail","hentry","category-autres","category-fil-dactualite","category-8672"],"_links":{"self":[{"href":"https:\/\/ami.mr\/fr\/wp-json\/wp\/v2\/posts\/255794","targetHints":{"allow":["GET"]}}],"collection":[{"href":"https:\/\/ami.mr\/fr\/wp-json\/wp\/v2\/posts"}],"about":[{"href":"https:\/\/ami.mr\/fr\/wp-json\/wp\/v2\/types\/post"}],"author":[{"embeddable":true,"href":"https:\/\/ami.mr\/fr\/wp-json\/wp\/v2\/users\/18"}],"replies":[{"embeddable":true,"href":"https:\/\/ami.mr\/fr\/wp-json\/wp\/v2\/comments?post=255794"}],"version-history":[{"count":1,"href":"https:\/\/ami.mr\/fr\/wp-json\/wp\/v2\/posts\/255794\/revisions"}],"predecessor-version":[{"id":255796,"href":"https:\/\/ami.mr\/fr\/wp-json\/wp\/v2\/posts\/255794\/revisions\/255796"}],"wp:featuredmedia":[{"embeddable":true,"href":"https:\/\/ami.mr\/fr\/wp-json\/wp\/v2\/media\/255795"}],"wp:attachment":[{"href":"https:\/\/ami.mr\/fr\/wp-json\/wp\/v2\/media?parent=255794"}],"wp:term":[{"taxonomy":"category","embeddable":true,"href":"https:\/\/ami.mr\/fr\/wp-json\/wp\/v2\/categories?post=255794"},{"taxonomy":"post_tag","embeddable":true,"href":"https:\/\/ami.mr\/fr\/wp-json\/wp\/v2\/tags?post=255794"}],"curies":[{"name":"wp","href":"https:\/\/api.w.org\/{rel}","templated":true}]}}