{"id":255785,"date":"2024-10-06T12:41:02","date_gmt":"2024-10-06T12:41:02","guid":{"rendered":"https:\/\/ami.mr\/fr\/?p=255785"},"modified":"2024-10-06T12:41:02","modified_gmt":"2024-10-06T12:41:02","slug":"les-preparatifs-officiels-de-la-rentree-scolaire-vont-bon-train-en-adrar","status":"publish","type":"post","link":"https:\/\/ami.mr\/fr\/archives\/255785","title":{"rendered":"Les pr\u00e9paratifs officiels de la rentr\u00e9e scolaire vont bon train en Adrar"},"content":{"rendered":"<div class=\"cell auto-size\">\n<div class=\"set-border bd-gray padding10 margin10 no-margin-right no-margin-left \" dir=\"ltr\">\n<p>A l&#8217;instar des autres wilayas du pays, l&#8217;Adrar conna\u00eet actuellement des pr\u00e9paratifs acc\u00e9l\u00e9r\u00e9s pour assurer une ouverture r\u00e9ussie de l&#8217;ann\u00e9e scolaire 2024-2025, notamment la pr\u00e9paration des \u00e9coles, la mobilisation du personnel, la mobilisation des parents pour l&#8217;achat d&#8217;uniformes scolaires pour les \u00e9l\u00e8ves, et l&#8217;exhortation de ces derniers \u00e0 assister \u00e0 la journ\u00e9e d&#8217;ouverture, conform\u00e9ment \u00e0 la directive du gouvernement visant \u00e0 cr\u00e9er un syst\u00e8me \u00e9ducatif performant qui r\u00e9pond aux aspirations nationales.<\/p>\n<p>Dans ce contexte, Ahmed Ould Embede, directeur r\u00e9gional de l&#8217;\u00e9ducation et de la r\u00e9forme du syst\u00e8me \u00e9ducatif dans l&#8217;Adrar, a indiqu\u00e9 dans une interview accord\u00e9e au bureau d&#8217;Adrar de l&#8217;Agence de presse mauritanienne d\u2019information que la wilaya est enti\u00e8rement pr\u00e9par\u00e9e pour l&#8217;ouverture de la nouvelle ann\u00e9e scolaire.<\/p>\n<p>\u00ab Nous avons mobilis\u00e9 le personnel enseignant et pr\u00e9par\u00e9 les \u00e9tablissements scolaires en les nettoyant et en r\u00e9parant les tables-bancs \u00bb, a-t-il d\u00e9clar\u00e9.<\/p>\n<p>Il y a 128 \u00e9coles publiques dans la wilaya cette ann\u00e9e, dont 52 \u00e0 Atar, 48 \u00e0 Aoujeft, 14 \u00e0 Chinguitti et 14 \u00e0 Ouadane.<\/p>\n<p>Le nombre d&#8217;\u00e9tablissements d&#8217;enseignement secondaire dans la wilaya s&#8217;\u00e9l\u00e8ve \u00e0 22, dont 12 lyc\u00e9es et 10 coll\u00e8ges, a-t-il ajout\u00e9, soulignant qu&#8217;il n&#8217;y a pas de d\u00e9ficit d&#8217;enseignants, puisque 61 enseignants ont \u00e9t\u00e9 affect\u00e9s \u00e0 Aoujeft rien que cette ann\u00e9e.<\/p>\n<p>Il a soulign\u00e9 qu&#8217;il n&#8217;y a pas de manque d&#8217;infrastructures \u00e9ducatives au niveau de la wilaya, sauf que certaines salles de classe ont besoin d&#8217;\u00eatre r\u00e9nov\u00e9es et certaines toitures, fen\u00eatres et portes r\u00e9par\u00e9es, expliquant que la r\u00e9novation des institutions \u00e9ducatives est du ressort de la r\u00e9gion et des communes.<\/p>\n<p>Le directeur du lyc\u00e9e d\u2019Atar, M. Sid\u2019Ahmed Ould Soulle, a indiqu\u00e9 que l&#8217;inscription des \u00e9l\u00e8ves se poursuit depuis le d\u00e9but de la semaine, pr\u00e9cisant que son \u00e9tablissement compte 26 classes fr\u00e9quent\u00e9es par 1300 \u00e9l\u00e8ves, encadr\u00e9s par 48 enseignants.<\/p>\n<p>Il a ajout\u00e9 que 220 tables-bancs appartenant \u00e0 l&#8217;\u00e9cole secondaire ont \u00e9t\u00e9 r\u00e9par\u00e9es par l&#8217;Institut de formation professionnelle sous la supervision des autorit\u00e9s administratives, expliquant que l&#8217;\u00e9tablissement a besoin d&#8217;augmenter le nombre de surveillants et d&#8217;augmenter le nombre de gardiens.<\/p>\n<p>Il a appel\u00e9 \u00e0 la n\u00e9cessit\u00e9 de r\u00e9nover les toilettes du lyc\u00e9e et de prot\u00e9ger ses murs, notant qu&#8217;il contient un caf\u00e9 o\u00f9 l&#8217;on vend des fournitures scolaires, des bonbons et des boissons, ce qui permet aux \u00e9l\u00e8ves de rester \u00e0 l&#8217;int\u00e9rieur pendant les pauses et de ne pas sortir sans l&#8217;approbation de l&#8217;administration.<\/p>\n<p>Le directeur a soulign\u00e9 que son \u00e9tablissement a obtenu un taux de r\u00e9ussite \u00e9lev\u00e9 l&#8217;ann\u00e9e derni\u00e8re, se classant premier et deuxi\u00e8me dans la wilaya avec un taux de r\u00e9ussite de plus de 80 % au baccalaur\u00e9at.<\/p>\n<p>Le directeur a appel\u00e9 les parents \u00e0 contribuer \u00e0 la sensibilisation pour assurer l&#8217;assiduit\u00e9 des \u00e9l\u00e8ves le premier jour des cours, le 7 de ce mois.<\/p>\n<p>Pour sa part, Yacoub Ould Lemjeidri, inspecteur de la moughataa d&#8217;Atar, a confirm\u00e9 que toutes les mesures n\u00e9cessaires ont \u00e9t\u00e9 prises pour l&#8217;ouverture.<\/p>\n<p>Le directeur de l&#8217;\u00e9cole n\u00b0 7, Mohamed Lemine Ould Ali, a soulign\u00e9 que son \u00e9cole \u00e9tait enti\u00e8rement pr\u00e9par\u00e9e pour l&#8217;ouverture, expliquant qu&#8217;elle compte 16 salles de classe et 523 \u00e9l\u00e8ves, dont 65 % de filles.<\/p>\n<p>De son c\u00f4t\u00e9, Hadrami Ould Abeidna, pr\u00e9sident de l&#8217;association des parents d&#8217;\u00e9l\u00e8ves au niveau de la wilaya, a soulign\u00e9 la contribution des parents au succ\u00e8s de l&#8217;ouverture, appelant \u00e0 l&#8217;ouverture des adh\u00e9sions, au renouvellement des bureaux et au programme d&#8217;aide financi\u00e8re du minist\u00e8re.<\/p>\n<p>Pour sa part, Moussa Ould Mohamed, chef du service de l&#8217;action sociale \u00e0 la direction r\u00e9gionale de l&#8217;action sociale, de l&#8217;enfance et de la famille, a indiqu\u00e9 que la wilaya dispose de quatre classes pr\u00e9scolaires, attirant plus de quatre cents \u00e9l\u00e8ves.<\/p>\n<p>L&#8217;adjointe au maire de la commune d&#8217;Atar, Melika Mint Ababa, s\u2019est f\u00e9licit\u00e9 des pr\u00e9paratifs effectu\u00e9s par les autorit\u00e9s administratives pour l&#8217;ouverture de l&#8217;ann\u00e9e scolaire, soulignant que la commune se charge du nettoyage et de la r\u00e9novation des \u00e9coles.<\/p>\n<p>Mohamed Ali, propri\u00e9taire d&#8217;une librairie vendant des fournitures scolaires \u00e0 Atar, a d\u00e9clar\u00e9 que le niveau de la demande de fournitures scolaires augmente \u00e0 mesure que le jour de l&#8217;ouverture approche.<\/p>\n<p>Il a ajout\u00e9 que le prix d&#8217;un cartable scolaire varie entre 200 et 500 MRU, tandis que les autres fournitures scolaires varient entre 10 et 150 MRU, y compris les stylos, les cahiers, les classeurs et les boites de couleurs<\/p>\n<p>Il est \u00e0 noter que des personnalit\u00e9s locales ont contribu\u00e9 \u00e0 la distribution d&#8217;uniformes scolaires aux \u00e9l\u00e8ves de certains villages ruraux, dans le cadre de la consolidation du concept de l&#8217;\u00e9cole r\u00e9publicaine.<\/p>\n<\/div>\n<\/div>\n","protected":false},"excerpt":{"rendered":"<p>A l&#8217;instar des autres wilayas du pays, l&#8217;Adrar conna\u00eet actuellement des pr\u00e9paratifs acc\u00e9l\u00e9r\u00e9s pour assurer une ouverture r\u00e9ussie de l&#8217;ann\u00e9e scolaire 2024-2025, notamment la pr\u00e9paration des \u00e9coles, la mobilisation du personnel, la mobilisation des parents pour l&#8217;achat d&#8217;uniformes scolaires pour les \u00e9l\u00e8ves, et l&#8217;exhortation de ces derniers \u00e0 assister \u00e0 la journ\u00e9e d&#8217;ouverture, conform\u00e9ment \u00e0 [&hellip;]<\/p>\n","protected":false},"author":18,"featured_media":255786,"comment_status":"open","ping_status":"open","sticky":false,"template":"","format":"standard","meta":{"footnotes":""},"categories":[63918,63957],"tags":[],"class_list":["post-255785","post","type-post","status-publish","format-standard","has-post-thumbnail","hentry","category-autres","category-fil-dactualite"],"_links":{"self":[{"href":"https:\/\/ami.mr\/fr\/wp-json\/wp\/v2\/posts\/255785","targetHints":{"allow":["GET"]}}],"collection":[{"href":"https:\/\/ami.mr\/fr\/wp-json\/wp\/v2\/posts"}],"about":[{"href":"https:\/\/ami.mr\/fr\/wp-json\/wp\/v2\/types\/post"}],"author":[{"embeddable":true,"href":"https:\/\/ami.mr\/fr\/wp-json\/wp\/v2\/users\/18"}],"replies":[{"embeddable":true,"href":"https:\/\/ami.mr\/fr\/wp-json\/wp\/v2\/comments?post=255785"}],"version-history":[{"count":1,"href":"https:\/\/ami.mr\/fr\/wp-json\/wp\/v2\/posts\/255785\/revisions"}],"predecessor-version":[{"id":255787,"href":"https:\/\/ami.mr\/fr\/wp-json\/wp\/v2\/posts\/255785\/revisions\/255787"}],"wp:featuredmedia":[{"embeddable":true,"href":"https:\/\/ami.mr\/fr\/wp-json\/wp\/v2\/media\/255786"}],"wp:attachment":[{"href":"https:\/\/ami.mr\/fr\/wp-json\/wp\/v2\/media?parent=255785"}],"wp:term":[{"taxonomy":"category","embeddable":true,"href":"https:\/\/ami.mr\/fr\/wp-json\/wp\/v2\/categories?post=255785"},{"taxonomy":"post_tag","embeddable":true,"href":"https:\/\/ami.mr\/fr\/wp-json\/wp\/v2\/tags?post=255785"}],"curies":[{"name":"wp","href":"https:\/\/api.w.org\/{rel}","templated":true}]}}