{"id":255478,"date":"2024-10-02T10:37:28","date_gmt":"2024-10-02T10:37:28","guid":{"rendered":"https:\/\/ami.mr\/fr\/?p=255478"},"modified":"2024-10-02T10:37:28","modified_gmt":"2024-10-02T10:37:28","slug":"le-president-de-la-republique-felicite-le-president-allemand","status":"publish","type":"post","link":"https:\/\/ami.mr\/fr\/archives\/255478","title":{"rendered":"Le Pr\u00e9sident de la R\u00e9publique f\u00e9licite le Pr\u00e9sident allemand"},"content":{"rendered":"<p>Le Pr\u00e9sident de la R\u00e9publique, Son Excellence Monsieur Mohamed Ould Cheikh El Ghazouani a adress\u00e9 ce mercredi le message de f\u00e9licitations qui suit \u00e0 Son Excellence Monsieur Frank-Walter Steinmeier, Pr\u00e9sident de la R\u00e9publique f\u00e9d\u00e9rale d\u2019Allemagne, \u00e0 l\u2019occasion de la c\u00e9l\u00e9bration de la f\u00eate nationale de son pays.<\/p>\n<p>Le message est ainsi libell\u00e9<\/p>\n<p>\u2033 Excellence,<\/p>\n<p>La c\u00e9l\u00e9bration de la f\u00eate nationale de votre pays m\u2019offre l\u2019agr\u00e9able occasion de vous adresser mes chaleureuses f\u00e9licitations et mes meilleurs v\u0153ux de progr\u00e8s et de prosp\u00e9rit\u00e9 pour le peuple allemand ami.<\/p>\n<p>Je saisis cette occasion pour vous assurer de notre ferme volont\u00e9 d\u2019\u0153uvrer au d\u00e9veloppement des relations de coop\u00e9ration entre nos deux pays dans l\u2019int\u00e9r\u00eat de nos deux peuples amis.<\/p>\n<p>Je vous prie d\u2019agr\u00e9er, Excellence, l\u2019expression de ma tr\u00e8s haute consid\u00e9ration<\/p>\n<p>Mohamed Ould CHEIKH EL GHAZOUANI \u2033.<\/p>\n","protected":false},"excerpt":{"rendered":"<p>Le Pr\u00e9sident de la R\u00e9publique, Son Excellence Monsieur Mohamed Ould Cheikh El Ghazouani a adress\u00e9 ce mercredi le message de f\u00e9licitations qui suit \u00e0 Son Excellence Monsieur Frank-Walter Steinmeier, Pr\u00e9sident de la R\u00e9publique f\u00e9d\u00e9rale d\u2019Allemagne, \u00e0 l\u2019occasion de la c\u00e9l\u00e9bration de la f\u00eate nationale de son pays. Le message est ainsi libell\u00e9 \u2033 Excellence, La [&hellip;]<\/p>\n","protected":false},"author":21,"featured_media":255479,"comment_status":"open","ping_status":"open","sticky":false,"template":"","format":"standard","meta":{"footnotes":""},"categories":[63957,25,63921,63926],"tags":[],"class_list":["post-255478","post","type-post","status-publish","format-standard","has-post-thumbnail","hentry","category-fil-dactualite","category-25","category-slider-afficher","category-slider-general"],"_links":{"self":[{"href":"https:\/\/ami.mr\/fr\/wp-json\/wp\/v2\/posts\/255478","targetHints":{"allow":["GET"]}}],"collection":[{"href":"https:\/\/ami.mr\/fr\/wp-json\/wp\/v2\/posts"}],"about":[{"href":"https:\/\/ami.mr\/fr\/wp-json\/wp\/v2\/types\/post"}],"author":[{"embeddable":true,"href":"https:\/\/ami.mr\/fr\/wp-json\/wp\/v2\/users\/21"}],"replies":[{"embeddable":true,"href":"https:\/\/ami.mr\/fr\/wp-json\/wp\/v2\/comments?post=255478"}],"version-history":[{"count":1,"href":"https:\/\/ami.mr\/fr\/wp-json\/wp\/v2\/posts\/255478\/revisions"}],"predecessor-version":[{"id":255480,"href":"https:\/\/ami.mr\/fr\/wp-json\/wp\/v2\/posts\/255478\/revisions\/255480"}],"wp:featuredmedia":[{"embeddable":true,"href":"https:\/\/ami.mr\/fr\/wp-json\/wp\/v2\/media\/255479"}],"wp:attachment":[{"href":"https:\/\/ami.mr\/fr\/wp-json\/wp\/v2\/media?parent=255478"}],"wp:term":[{"taxonomy":"category","embeddable":true,"href":"https:\/\/ami.mr\/fr\/wp-json\/wp\/v2\/categories?post=255478"},{"taxonomy":"post_tag","embeddable":true,"href":"https:\/\/ami.mr\/fr\/wp-json\/wp\/v2\/tags?post=255478"}],"curies":[{"name":"wp","href":"https:\/\/api.w.org\/{rel}","templated":true}]}}