{"id":255189,"date":"2024-09-28T11:26:12","date_gmt":"2024-09-28T11:26:12","guid":{"rendered":"https:\/\/ami.mr\/fr\/?p=255189"},"modified":"2024-09-28T11:26:12","modified_gmt":"2024-09-28T11:26:12","slug":"le-ministre-de-lequipement-et-des-transports-participe-a-la-74e-session-extraordinaire-du-conseil-des-ministres-de-lasecna","status":"publish","type":"post","link":"https:\/\/ami.mr\/fr\/archives\/255189","title":{"rendered":"Le ministre de l\u2019\u00c9quipement et des Transports participe \u00e0 la 74e session extraordinaire du Conseil des ministres de l&#8217;ASECNA"},"content":{"rendered":"<p>Le ministre de l\u2019\u00c9quipement et des Transports, Ely Ould Veirik, a pris part vendredi \u00e0 la 74e session extraordinaire du Conseil des ministres des Etats membres de l&#8217;Agence pour la s\u00e9curit\u00e9 de la navigation a\u00e9rienne en Afrique et \u00e0 Madagascar (ASECNA), qui se tient \u00e0 Dakar, la capitale s\u00e9n\u00e9galaise.<\/p>\n<p>L\u2019ordre du jour de la session comprenait, entre autres, l&#8217;\u00e9lection d&#8217;un nouveau directeur g\u00e9n\u00e9ral pour succ\u00e9der \u00e0 l&#8217;actuel directeur g\u00e9n\u00e9ral, dont le mandat expire \u00e0 la fin de cette ann\u00e9e. Le candidat gabonais a \u00e9t\u00e9 \u00e9lu parmi les cinq candidats qui ont postul\u00e9 pour le poste.<\/p>\n<p>Le ministre est accompagn\u00e9 du conseiller technique en charge du transport a\u00e9rien, M. Mohamed Ould Adhana, et du directeur g\u00e9n\u00e9ral de l&#8217;Agence nationale de l&#8217;aviation civile, M. Ngaid\u00e9 Abdallahi Abbas.<\/p>\n","protected":false},"excerpt":{"rendered":"<p>Le ministre de l\u2019\u00c9quipement et des Transports, Ely Ould Veirik, a pris part vendredi \u00e0 la 74e session extraordinaire du Conseil des ministres des Etats membres de l&#8217;Agence pour la s\u00e9curit\u00e9 de la navigation a\u00e9rienne en Afrique et \u00e0 Madagascar (ASECNA), qui se tient \u00e0 Dakar, la capitale s\u00e9n\u00e9galaise. L\u2019ordre du jour de la session [&hellip;]<\/p>\n","protected":false},"author":16,"featured_media":255190,"comment_status":"open","ping_status":"open","sticky":false,"template":"","format":"standard","meta":{"footnotes":""},"categories":[63918,63957,25],"tags":[],"class_list":["post-255189","post","type-post","status-publish","format-standard","has-post-thumbnail","hentry","category-autres","category-fil-dactualite","category-25"],"_links":{"self":[{"href":"https:\/\/ami.mr\/fr\/wp-json\/wp\/v2\/posts\/255189","targetHints":{"allow":["GET"]}}],"collection":[{"href":"https:\/\/ami.mr\/fr\/wp-json\/wp\/v2\/posts"}],"about":[{"href":"https:\/\/ami.mr\/fr\/wp-json\/wp\/v2\/types\/post"}],"author":[{"embeddable":true,"href":"https:\/\/ami.mr\/fr\/wp-json\/wp\/v2\/users\/16"}],"replies":[{"embeddable":true,"href":"https:\/\/ami.mr\/fr\/wp-json\/wp\/v2\/comments?post=255189"}],"version-history":[{"count":1,"href":"https:\/\/ami.mr\/fr\/wp-json\/wp\/v2\/posts\/255189\/revisions"}],"predecessor-version":[{"id":255191,"href":"https:\/\/ami.mr\/fr\/wp-json\/wp\/v2\/posts\/255189\/revisions\/255191"}],"wp:featuredmedia":[{"embeddable":true,"href":"https:\/\/ami.mr\/fr\/wp-json\/wp\/v2\/media\/255190"}],"wp:attachment":[{"href":"https:\/\/ami.mr\/fr\/wp-json\/wp\/v2\/media?parent=255189"}],"wp:term":[{"taxonomy":"category","embeddable":true,"href":"https:\/\/ami.mr\/fr\/wp-json\/wp\/v2\/categories?post=255189"},{"taxonomy":"post_tag","embeddable":true,"href":"https:\/\/ami.mr\/fr\/wp-json\/wp\/v2\/tags?post=255189"}],"curies":[{"name":"wp","href":"https:\/\/api.w.org\/{rel}","templated":true}]}}