{"id":255183,"date":"2024-09-28T10:24:05","date_gmt":"2024-09-28T10:24:05","guid":{"rendered":"https:\/\/ami.mr\/fr\/?p=255183"},"modified":"2024-09-28T10:24:05","modified_gmt":"2024-09-28T10:24:05","slug":"lambassade-de-chine-a-nouakchott-commemore-le-75e-anniversaire-de-la-fondation-de-la-republique-populaire-de-chine","status":"publish","type":"post","link":"https:\/\/ami.mr\/fr\/archives\/255183","title":{"rendered":"L&#8217;ambassade de Chine \u00e0 Nouakchott comm\u00e9more le 75e anniversaire de la fondation de la R\u00e9publique populaire de Chine"},"content":{"rendered":"<p>L&#8217;ambassade de la R\u00e9publique populaire de Chine en Mauritanie a organis\u00e9 vendredi soir \u00e0 Nouakchott une r\u00e9ception pour comm\u00e9morer le 75e anniversaire de la fondation de la R\u00e9publique populaire de Chine.<\/p>\n<p>Le gouvernement mauritanien \u00e9tait repr\u00e9sent\u00e9 par le ministre de la p\u00eache et des infrastructures maritimes et portuaires, El Vadil Ould Sidaty Ould Ahmed Louly et le secr\u00e9taire g\u00e9n\u00e9ral du minist\u00e8re des affaires \u00e9trang\u00e8res, de la coop\u00e9ration africaine et des mauritaniens de l&#8217;ext\u00e9rieur, Bal Mohamed Habib.<\/p>\n<p>Dans un discours prononc\u00e9 \u00e0 cette occasion, l&#8217;Ambassadeur de Chine en Mauritanie, SEM. Li Baijin, a d\u00e9clar\u00e9 que ces derni\u00e8res ann\u00e9es, la Mauritanie et la Chine ont travaill\u00e9 au renforcement des relations d\u2019amiti\u00e9 et de coop\u00e9ration \u00e0 travers, notamment, le partenariat sino-arabe et sino-africain.<\/p>\n<p>Il a ajout\u00e9 que la Chine reste le premier partenaire commercial de la Mauritanie avec une croissance annuelle du commerce bilat\u00e9ral d&#8217;environ 7,4 %, en plus de l&#8217;\u00e9change croissant d&#8217;expertise humaine, avec de nombreux Mauritaniens travaillant dans le domaine des affaires et du commerce en Chine.<\/p>\n","protected":false},"excerpt":{"rendered":"<p>L&#8217;ambassade de la R\u00e9publique populaire de Chine en Mauritanie a organis\u00e9 vendredi soir \u00e0 Nouakchott une r\u00e9ception pour comm\u00e9morer le 75e anniversaire de la fondation de la R\u00e9publique populaire de Chine. Le gouvernement mauritanien \u00e9tait repr\u00e9sent\u00e9 par le ministre de la p\u00eache et des infrastructures maritimes et portuaires, El Vadil Ould Sidaty Ould Ahmed Louly [&hellip;]<\/p>\n","protected":false},"author":16,"featured_media":255184,"comment_status":"open","ping_status":"open","sticky":false,"template":"","format":"standard","meta":{"footnotes":""},"categories":[63918,63957,63959,63927],"tags":[],"class_list":["post-255183","post","type-post","status-publish","format-standard","has-post-thumbnail","hentry","category-autres","category-fil-dactualite","category-mauritanie","category-slider-mauritanie"],"_links":{"self":[{"href":"https:\/\/ami.mr\/fr\/wp-json\/wp\/v2\/posts\/255183","targetHints":{"allow":["GET"]}}],"collection":[{"href":"https:\/\/ami.mr\/fr\/wp-json\/wp\/v2\/posts"}],"about":[{"href":"https:\/\/ami.mr\/fr\/wp-json\/wp\/v2\/types\/post"}],"author":[{"embeddable":true,"href":"https:\/\/ami.mr\/fr\/wp-json\/wp\/v2\/users\/16"}],"replies":[{"embeddable":true,"href":"https:\/\/ami.mr\/fr\/wp-json\/wp\/v2\/comments?post=255183"}],"version-history":[{"count":1,"href":"https:\/\/ami.mr\/fr\/wp-json\/wp\/v2\/posts\/255183\/revisions"}],"predecessor-version":[{"id":255185,"href":"https:\/\/ami.mr\/fr\/wp-json\/wp\/v2\/posts\/255183\/revisions\/255185"}],"wp:featuredmedia":[{"embeddable":true,"href":"https:\/\/ami.mr\/fr\/wp-json\/wp\/v2\/media\/255184"}],"wp:attachment":[{"href":"https:\/\/ami.mr\/fr\/wp-json\/wp\/v2\/media?parent=255183"}],"wp:term":[{"taxonomy":"category","embeddable":true,"href":"https:\/\/ami.mr\/fr\/wp-json\/wp\/v2\/categories?post=255183"},{"taxonomy":"post_tag","embeddable":true,"href":"https:\/\/ami.mr\/fr\/wp-json\/wp\/v2\/tags?post=255183"}],"curies":[{"name":"wp","href":"https:\/\/api.w.org\/{rel}","templated":true}]}}