{"id":254826,"date":"2024-09-24T12:16:30","date_gmt":"2024-09-24T12:16:30","guid":{"rendered":"https:\/\/ami.mr\/fr\/?p=254826"},"modified":"2024-09-24T12:16:30","modified_gmt":"2024-09-24T12:16:30","slug":"le-ministre-de-lagriculture-se-rend-en-italie-3","status":"publish","type":"post","link":"https:\/\/ami.mr\/fr\/archives\/254826","title":{"rendered":"Le ministre de l\u2019Agriculture se rend en Italie"},"content":{"rendered":"<p>Le ministre de l\u2019Agriculture et de la Souverainet\u00e9 alimentaire, M. Memma Beibatt, a quitt\u00e9 mardi Nouakchott pour Syracuse (Italie) pour participer aux travaux du conseil des ministres de l\u2019Agriculture du Groupe des Sept, qui se tiendront du 25 au 28 septembre.<\/p>\n<p>Les ministres discuteront plusieurs sujets portant sur la coop\u00e9ration dans les domaines de l\u2019agriculture, de la p\u00eache et du d\u00e9veloppement durable.<\/p>\n<p>La Mauritanie pr\u00e9side le groupe des ministres des pays africains participant \u00e0 ces r\u00e9unions.<\/p>\n<p>M. Memma Beibatt est accompagn\u00e9, au cours de voyage, par M. Abdellah Ould Baba Zeyad, directeur de la planification et de la coop\u00e9ration au minist\u00e8re.<\/p>\n","protected":false},"excerpt":{"rendered":"<p>Le ministre de l\u2019Agriculture et de la Souverainet\u00e9 alimentaire, M. Memma Beibatt, a quitt\u00e9 mardi Nouakchott pour Syracuse (Italie) pour participer aux travaux du conseil des ministres de l\u2019Agriculture du Groupe des Sept, qui se tiendront du 25 au 28 septembre. Les ministres discuteront plusieurs sujets portant sur la coop\u00e9ration dans les domaines de l\u2019agriculture, [&hellip;]<\/p>\n","protected":false},"author":18,"featured_media":254827,"comment_status":"open","ping_status":"open","sticky":false,"template":"","format":"standard","meta":{"footnotes":""},"categories":[63918,63957,63959],"tags":[],"class_list":["post-254826","post","type-post","status-publish","format-standard","has-post-thumbnail","hentry","category-autres","category-fil-dactualite","category-mauritanie"],"_links":{"self":[{"href":"https:\/\/ami.mr\/fr\/wp-json\/wp\/v2\/posts\/254826","targetHints":{"allow":["GET"]}}],"collection":[{"href":"https:\/\/ami.mr\/fr\/wp-json\/wp\/v2\/posts"}],"about":[{"href":"https:\/\/ami.mr\/fr\/wp-json\/wp\/v2\/types\/post"}],"author":[{"embeddable":true,"href":"https:\/\/ami.mr\/fr\/wp-json\/wp\/v2\/users\/18"}],"replies":[{"embeddable":true,"href":"https:\/\/ami.mr\/fr\/wp-json\/wp\/v2\/comments?post=254826"}],"version-history":[{"count":1,"href":"https:\/\/ami.mr\/fr\/wp-json\/wp\/v2\/posts\/254826\/revisions"}],"predecessor-version":[{"id":254828,"href":"https:\/\/ami.mr\/fr\/wp-json\/wp\/v2\/posts\/254826\/revisions\/254828"}],"wp:featuredmedia":[{"embeddable":true,"href":"https:\/\/ami.mr\/fr\/wp-json\/wp\/v2\/media\/254827"}],"wp:attachment":[{"href":"https:\/\/ami.mr\/fr\/wp-json\/wp\/v2\/media?parent=254826"}],"wp:term":[{"taxonomy":"category","embeddable":true,"href":"https:\/\/ami.mr\/fr\/wp-json\/wp\/v2\/categories?post=254826"},{"taxonomy":"post_tag","embeddable":true,"href":"https:\/\/ami.mr\/fr\/wp-json\/wp\/v2\/tags?post=254826"}],"curies":[{"name":"wp","href":"https:\/\/api.w.org\/{rel}","templated":true}]}}