{"id":254796,"date":"2024-09-23T21:46:28","date_gmt":"2024-09-23T21:46:28","guid":{"rendered":"https:\/\/ami.mr\/fr\/?p=254796"},"modified":"2024-09-23T21:46:28","modified_gmt":"2024-09-23T21:46:28","slug":"le-ministre-de-leconomie-et-des-finances-sentretient-avec-un-haut-responsable-de-lonu","status":"publish","type":"post","link":"https:\/\/ami.mr\/fr\/archives\/254796","title":{"rendered":"Le ministre de l\u2019\u00c9conomie et des Finances s\u2019entretient avec un haut responsable de l\u2019ONU"},"content":{"rendered":"<p>En marge du Sommet du Futur qui a lieu au si\u00e8ge des Nations Unies \u00e0 New York, le ministre de l\u2019\u00c9conomie et des Finances, M. Sid Ahmed Ould Bouh, s&#8217;est entretenu, lundi, avec le Sous-Secr\u00e9taire g\u00e9n\u00e9ral des Nations Unies aux affaires de la jeunesse, M. Felipe Paullier, sous-secr\u00e9taires g\u00e9n\u00e9ral des Nations Unies pour les Affaires de la Jeunesse.<\/p>\n<p>Au d\u00e9but de la rencontre, le ministre a soulign\u00e9 l&#8217;importance accord\u00e9e par Son Excellence le Pr\u00e9sident de la R\u00e9publique, Monsieur Mohamed Ould Cheikh El-Ghazouani aux questions relatives \u00e0 la jeunesse dans un pays o\u00f9 plus des trois quarts de la population ont moins de 35 ans, ce qui pose de grands d\u00e9fis mais offre aussi des opportunit\u00e9s prometteuses.<\/p>\n<p>Dans ce contexte, le ministre a soulign\u00e9 la n\u00e9cessit\u00e9 de conceptualiser et de mettre en \u0153uvre les initiatives n\u00e9cessaires pour assurer l&#8217;exploitation du dividende d\u00e9mographique en responsabilisant les jeunes, en stimulant leur initiatives cr\u00e9atives, en accompagnant leurs projets par la formation, l&#8217;acc\u00e8s aux financements faciles et la promotion de nouvelles technologies appropri\u00e9es. \u00c0 cette fin, un secteur minist\u00e9riel sp\u00e9cial a \u00e9t\u00e9 cr\u00e9\u00e9 pour diriger et coordonner les initiatives et les politiques visant \u00e0 r\u00e9pondre aux aspirations des jeunes.<\/p>\n<p>Le ministre a \u00e9galement exprim\u00e9 la volont\u00e9 de notre pays de coop\u00e9rer avec les organes de l&#8217;ONU dans le domaine du renforcement des capacit\u00e9s des jeunes et de b\u00e9n\u00e9ficier de leur expertise technique pour formuler des politiques et des strat\u00e9gies, louant les initiatives de l&#8217;ONU sur le r\u00f4le des jeunes pour fa\u00e7onner l&#8217;avenir, construire la paix et exploiter la r\u00e9volution num\u00e9rique dans l&#8217;int\u00e9r\u00eat de l&#8217;humanit\u00e9.<\/p>\n<p>Pour sa part, M. Felipe Paullier a souhait\u00e9 la bienvenue au ministre, exprimant la volont\u00e9 de son organisation d&#8217;accompagner notre pays dans ses efforts d&#8217;autonomisation de la jeunesse, notamment en assurant la coh\u00e9rence des interventions des diff\u00e9rentes agences des Nations unies relatives \u00e0 la jeunesse avec les politiques nationales dans ce domaine.<\/p>\n<p>\u00c0 la fin de la r\u00e9union, le ministre a invit\u00e9 M. Felipe Paullier \u00e0 visiter la Mauritanie. Le sous-secr\u00e9taire g\u00e9n\u00e9ral des Nations unies pour les Affaires de la Jeunesse a remerci\u00e9 le ministre pour cette invitation, qui sera programm\u00e9e \u00e0 une date ult\u00e9rieure.<\/p>\n<p>L\u2019entretien a eu lieu en pr\u00e9sence de M. Yeslem Hamdane, charg\u00e9 de mission au minist\u00e8re et de M. Mohamed Abderrahmane Ould Deddi, directeur g\u00e9n\u00e9ral adjoint des Strat\u00e9gies et Politiques de D\u00e9veloppement au minist\u00e8re.<\/p>\n<p>&nbsp;<\/p>\n","protected":false},"excerpt":{"rendered":"<p>En marge du Sommet du Futur qui a lieu au si\u00e8ge des Nations Unies \u00e0 New York, le ministre de l\u2019\u00c9conomie et des Finances, M. Sid Ahmed Ould Bouh, s&#8217;est entretenu, lundi, avec le Sous-Secr\u00e9taire g\u00e9n\u00e9ral des Nations Unies aux affaires de la jeunesse, M. Felipe Paullier, sous-secr\u00e9taires g\u00e9n\u00e9ral des Nations Unies pour les Affaires [&hellip;]<\/p>\n","protected":false},"author":13,"featured_media":254787,"comment_status":"open","ping_status":"open","sticky":false,"template":"","format":"standard","meta":{"footnotes":""},"categories":[63920,63919,63957,63959,63927],"tags":[],"class_list":["post-254796","post","type-post","status-publish","format-standard","has-post-thumbnail","hentry","category-a-la-une","category-choix-du-redacteur","category-fil-dactualite","category-mauritanie","category-slider-mauritanie"],"_links":{"self":[{"href":"https:\/\/ami.mr\/fr\/wp-json\/wp\/v2\/posts\/254796","targetHints":{"allow":["GET"]}}],"collection":[{"href":"https:\/\/ami.mr\/fr\/wp-json\/wp\/v2\/posts"}],"about":[{"href":"https:\/\/ami.mr\/fr\/wp-json\/wp\/v2\/types\/post"}],"author":[{"embeddable":true,"href":"https:\/\/ami.mr\/fr\/wp-json\/wp\/v2\/users\/13"}],"replies":[{"embeddable":true,"href":"https:\/\/ami.mr\/fr\/wp-json\/wp\/v2\/comments?post=254796"}],"version-history":[{"count":1,"href":"https:\/\/ami.mr\/fr\/wp-json\/wp\/v2\/posts\/254796\/revisions"}],"predecessor-version":[{"id":254797,"href":"https:\/\/ami.mr\/fr\/wp-json\/wp\/v2\/posts\/254796\/revisions\/254797"}],"wp:featuredmedia":[{"embeddable":true,"href":"https:\/\/ami.mr\/fr\/wp-json\/wp\/v2\/media\/254787"}],"wp:attachment":[{"href":"https:\/\/ami.mr\/fr\/wp-json\/wp\/v2\/media?parent=254796"}],"wp:term":[{"taxonomy":"category","embeddable":true,"href":"https:\/\/ami.mr\/fr\/wp-json\/wp\/v2\/categories?post=254796"},{"taxonomy":"post_tag","embeddable":true,"href":"https:\/\/ami.mr\/fr\/wp-json\/wp\/v2\/tags?post=254796"}],"curies":[{"name":"wp","href":"https:\/\/api.w.org\/{rel}","templated":true}]}}