{"id":254625,"date":"2024-09-21T19:13:37","date_gmt":"2024-09-21T19:13:37","guid":{"rendered":"https:\/\/ami.mr\/fr\/?p=254625"},"modified":"2024-09-21T19:13:37","modified_gmt":"2024-09-21T19:13:37","slug":"la-mauritanie-appelle-le-g7-a-contribuer-a-la-preservation-et-a-la-promotion-du-patrimoine-africain","status":"publish","type":"post","link":"https:\/\/ami.mr\/fr\/archives\/254625","title":{"rendered":"La Mauritanie appelle le G7 \u00e0 contribuer \u00e0 la pr\u00e9servation et \u00e0 la promotion du patrimoine africain"},"content":{"rendered":"<div class=\"row\"><\/div>\n<div class=\"row\">\n<div class=\"cell auto-size\">\n<div class=\"set-border bd-gray padding10 margin10 no-margin-right no-margin-left \" dir=\"ltr\">\n<p><img decoding=\"async\" class=\"size-medium wp-image-254626 alignleft\" src=\"https:\/\/ami.mr\/fr\/wp-content\/uploads\/2024\/09\/21-09-2024-s002-300x225.jpg\" alt=\"\" width=\"300\" height=\"225\" srcset=\"https:\/\/ami.mr\/fr\/wp-content\/uploads\/2024\/09\/21-09-2024-s002-300x225.jpg 300w, https:\/\/ami.mr\/fr\/wp-content\/uploads\/2024\/09\/21-09-2024-s002-768x576.jpg 768w, https:\/\/ami.mr\/fr\/wp-content\/uploads\/2024\/09\/21-09-2024-s002-86x64.jpg 86w, https:\/\/ami.mr\/fr\/wp-content\/uploads\/2024\/09\/21-09-2024-s002.jpg 800w\" sizes=\"(max-width: 300px) 100vw, 300px\" \/><\/p>\n<p>&nbsp;<\/p>\n<p>Les travaux du s\u00e9minaire des ministres de la Culture au Groupe des sept (G 7) auquel la Mauritanie assiste en tant qu&#8217;h\u00f4te d&#8217;honneur repr\u00e9sentant l&#8217;Union Africaine ont d\u00e9marr\u00e9 samedi dans la ville italienne de Napoli.<\/p>\n<p>Dans un mot prononc\u00e9 pour la circonstance, le ministre de la culture, des arts, de la communication et des relations avec le Parlement, M. El Houssein Ould Meddou repr\u00e9sentant l&#8217;Union Africaine , a pass\u00e9 en revue l&#8217;importance du patrimoine africain dans son authenticit\u00e9 et sa diversit\u00e9, insistant sur la n\u00e9cessit\u00e9 d&#8217;une action pour sa valorisation et sa pr\u00e9servation et appelant \u00e0 lancer un appel mondial pour contribuer \u00e0 la promotion de ce patrimoine qui constitue, par sa richesse et son enracinement, un patrimoine pour l&#8217;humanit\u00e9 enti\u00e8re.<\/p>\n<p>Le ministre a appel\u00e9 le G 7 \u00e0 renforcer le partenariat avec les pays africains dans ce cadre et \u00e0 contribuer \u00e0 relever les d\u00e9fis auxquels fait face le patrimoine culturel africain.<\/p>\n<p>Voici le texte int\u00e9gral du discours du ministre:<\/p>\n<p>&#8220;- Excellence Monsieur Alessandro Giuli , Ministre de la Culture de la R\u00e9publique Italienne,<\/p>\n<p>&#8211; Excellence Mesdames, Messieurs les Ministres de la Culture du G7,<\/p>\n<p>&#8211; Mesdames, Messieurs les responsables et repr\u00e9sentants des institutions culturelles internationales,<\/p>\n<p>&#8211; Honorable pr\u00e9sence,<\/p>\n<p>C\u2019est avec un profond respect et une grande reconnaissance que je prends la parole aujourd\u2019hui, en ce lieu de dialogue et de coop\u00e9ration, pour saluer l\u2019engagement ind\u00e9fectible du G7 dans la valorisation du patrimoine culturel mondial.<\/p>\n<p>Votre d\u00e9termination \u00e0 faire de la culture un levier de d\u00e9veloppement durable et un instrument de rapprochement entre les peuples inspire non seulement admiration, mais \u00e9galement espoir.<\/p>\n<p>Ensemble, nous r\u00e9affirmons que la culture, loin d\u2019\u00eatre une simple relique du pass\u00e9, est la fondation m\u00eame de notre avenir commun, un pilier de paix et de prosp\u00e9rit\u00e9 partag\u00e9e.<\/p>\n<p>&#8211; Excellences,<\/p>\n<p>&#8211; Mesdames, Messieurs,<\/p>\n<p>La conservation du patrimoine culturel, notamment en Afrique, est aujourd&#8217;hui confront\u00e9e \u00e0 des d\u00e9fis sans pr\u00e9c\u00e9dent. Qu&#8217;il s&#8217;agisse de conflits arm\u00e9s, de catastrophes naturelles, de d\u00e9gradations li\u00e9es au changement climatique ou d\u2019actions humaines n\u00e9gligentes, ces menaces fragilisent des tr\u00e9sors uniques, t\u00e9moins de l&#8217;histoire et de l&#8217;identit\u00e9 de nos peuples.<\/p>\n<p>C&#8217;est dans ce contexte que l&#8217;Afrique, riche de sa diversit\u00e9 et de son h\u00e9ritage mill\u00e9naire, est en premi\u00e8re ligne pour prot\u00e9ger ce patrimoine inestimable.<\/p>\n<p>Dans ce cadre, je souhaite saisir l&#8217;occasion pour lancer un appel fort au nom de l\u2019Union Africaine, dont la pr\u00e9sidence est assur\u00e9e par mon pays, un appel fort pour l&#8217;\u00e9laboration de dispositifs concrets visant \u00e0 renforcer la protection et la pr\u00e9servation du patrimoine africain.<\/p>\n<p>Face aux menaces croissantes, il est imp\u00e9ratif que la communaut\u00e9 internationale, \u00e0 travers une coop\u00e9ration accrue avec l, prenne ses responsabilit\u00e9s et s&#8217;engage \u00e0 promouvoir cet h\u00e9ritage culturel exceptionnel.<\/p>\n<p>Des exemples significatifs sont les Villes anciennes de Tombouctou au Mali, les Ruines de Kilwa Kisiwani en Tanzanie, et le Parc national des Virunga en R\u00e9publique d\u00e9mocratique du Congo, qui font face \u00e0 des d\u00e9fis majeurs.<\/p>\n<p>En Mauritanie, sous l&#8217;impulsion de Son Excellence Monsieur Mohamed Ould Cheikh El Ghazouani, Pr\u00e9sident de la R\u00e9publique, Pr\u00e9sident en exercice de l&#8217;Union Africaine, nous avons fait de la pr\u00e9servation du patrimoine un axe central du programme pr\u00e9sidentiel. Ce programme ambitieux vise \u00e0 promouvoir notre patrimoine culturel, \u00e0 la fois comme un vecteur de fiert\u00e9 nationale et comme une contribution au rayonnement international. \u00c0 cet effet, des efforts significatifs ont \u00e9t\u00e9 entrepris pour renforcer la protection des quatre cit\u00e9s historiques class\u00e9es au patrimoine mondial de l&#8217;humanit\u00e9 : Ouadane, Chinguetti, Tichitt, et Oualata, qui incarnent l&#8217;\u00e2me et l&#8217;histoire de notre pays. En parall\u00e8le, le Parc National du Banc d&#8217;Arguin, site naturel d&#8217;une importance \u00e9cologique mondiale, fait l&#8217;objet d&#8217;une attention particuli\u00e8re dans nos efforts de conservation.<\/p>\n<p>En outre, la Mahadra, cette institution religieuse mauritanienne au style unique, a \u00e9t\u00e9 inscrite sur la liste du patrimoine mondial, soulignant ainsi son r\u00f4le central dans la transmission des savoirs et des traditions.<\/p>\n<p>De plus, la Mauritanie continue de s&#8217;investir dans la pr\u00e9servation de sites historiques d&#8217;une importance majeure, tels que Aoudaghost, Koumbi Saleh, autrefois capitale de l&#8217;Empire du Ghana, et le Guelb Richatt, plus connu sous le nom d&#8217;\u0152il de l&#8217;Afrique, un site exceptionnel sur les plans g\u00e9ologique et culturel.<\/p>\n<p>&#8211; Excellence Mesdames, Messieurs les Ministres,<\/p>\n<p>&#8211; Mesdames et Messieurs,<\/p>\n<p>Les th\u00e8mes que nous abordons aujourd&#8217;hui sont d&#8217;une pertinence particuli\u00e8re, \u00e0 une \u00e9poque o\u00f9 les d\u00e9fis mondiaux se multiplient. La sauvegarde du patrimoine culturel est indissociable des enjeux environnementaux et sociaux. Il est crucial d\u2019en faire un vecteur pour sensibiliser les g\u00e9n\u00e9rations futures \u00e0 la protection de l&#8217;environnement, tout en permettant aux communaut\u00e9s locales de jouer un r\u00f4le actif dans la pr\u00e9servation de leur histoire et de leur identit\u00e9.<\/p>\n<p>Il est \u00e9galement essentiel de reconna\u00eetre que, malgr\u00e9 son r\u00f4le cl\u00e9 dans la coh\u00e9sion sociale et le d\u00e9veloppement durable, la culture ne b\u00e9n\u00e9ficie pas toujours de l&#8217;attention qu&#8217;elle m\u00e9rite dans les discussions internationales. Bien que les Objectifs de D\u00e9veloppement Durable (ODD) traitent de nombreux aspects essentiels de nos soci\u00e9t\u00e9s, la culture y reste sous-repr\u00e9sent\u00e9e. Pourtant, elle est un facteur transversal, essentiel \u00e0 la cr\u00e9ation de soci\u00e9t\u00e9s inclusives, r\u00e9silientes et durables. Il nous incombe donc, en tant que gardiens du patrimoine de nos nations, de veiller \u00e0 ce que la culture soit pleinement int\u00e9gr\u00e9e aux discussions sur l&#8217;avenir de notre plan\u00e8te.<\/p>\n<p>De m\u00eame, la coop\u00e9ration internationale en mati\u00e8re de patrimoine est cruciale. Nos efforts doivent aller au-del\u00e0 de la protection des monuments et des objets mat\u00e9riels ; il s&#8217;agit \u00e9galement de cr\u00e9er des ponts solides entre les nations, pour \u00e9changer savoirs, technologies et expertises. Cette coop\u00e9ration prend d&#8217;autant plus d&#8217;importance dans les p\u00e9riodes de crise, o\u00f9 le patrimoine culturel est menac\u00e9 par des conflits ou des catastrophes.<\/p>\n<p>&#8211; Excellences,<\/p>\n<p>&#8211; Mesdames, Messieurs,<\/p>\n<p>Un autre volet essentiel de notre discussion est la valorisation du patrimoine immat\u00e9riel. Ce patrimoine vivant, compos\u00e9 de traditions, de langues et de savoir-faire ancestraux, est un pilier de la coh\u00e9sion sociale. Il est de notre devoir de veiller \u00e0 ce que ces pratiques soient pr\u00e9serv\u00e9es et transmises aux g\u00e9n\u00e9rations futures, en leur accordant une place de choix dans nos strat\u00e9gies nationales et internationales.<\/p>\n<p>Enfin, je voudrais r\u00e9it\u00e9rer l&#8217;importance capitale de la reconnaissance et de la promotion du patrimoine africain, souvent sous-estim\u00e9. Ce patrimoine m\u00e9rite de figurer au premier plan des initiatives mondiales. L&#8217;Afrique, \u00e0 travers ses cultures et ses traditions, a tant \u00e0 offrir au monde. Pour ce faire, il est essentiel de soutenir les industries culturelles et cr\u00e9atives africaines, en encourageant la diffusion des \u0153uvres et des savoirs issus de notre continent.<\/p>\n<p>Mesdames, Messieurs,<\/p>\n<p>En regardant vers l&#8217;avenir, les perspectives de collaboration en mati\u00e8re de culture s&#8217;av\u00e8rent particuli\u00e8rement prometteuses. Les engagements pris lors des pr\u00e9c\u00e9dentes r\u00e9unions, tels que la D\u00e9claration de Florence, illustrent clairement que la culture peut et doit jouer un r\u00f4le central dans la diplomatie, la protection du patrimoine et la promotion de la paix. Dans ce cadre, la Mauritanie, consciente des responsabilit\u00e9s qu&#8217;elle assume au niveau continental, r\u00e9it\u00e8re son engagement \u00e0 continuer \u00e0 promouvoir ce patrimoine en collaboration \u00e9troite avec ses partenaires. Ensemble, nous devons faire de la culture non seulement un vecteur de d\u00e9veloppement, mais aussi un puissant instrument de paix, de compr\u00e9hension mutuelle et de prosp\u00e9rit\u00e9 partag\u00e9e.<\/p>\n<p>Je vous remercie de votre attention&#8221;.<\/p>\n<\/div>\n<\/div>\n<\/div>\n","protected":false},"excerpt":{"rendered":"<p>&nbsp; Les travaux du s\u00e9minaire des ministres de la Culture au Groupe des sept (G 7) auquel la Mauritanie assiste en tant qu&#8217;h\u00f4te d&#8217;honneur repr\u00e9sentant l&#8217;Union Africaine ont d\u00e9marr\u00e9 samedi dans la ville italienne de Napoli. Dans un mot prononc\u00e9 pour la circonstance, le ministre de la culture, des arts, de la communication et des [&hellip;]<\/p>\n","protected":false},"author":8,"featured_media":254627,"comment_status":"open","ping_status":"open","sticky":false,"template":"","format":"standard","meta":{"footnotes":""},"categories":[63920,63957,63959,63927],"tags":[],"class_list":["post-254625","post","type-post","status-publish","format-standard","has-post-thumbnail","hentry","category-a-la-une","category-fil-dactualite","category-mauritanie","category-slider-mauritanie"],"_links":{"self":[{"href":"https:\/\/ami.mr\/fr\/wp-json\/wp\/v2\/posts\/254625","targetHints":{"allow":["GET"]}}],"collection":[{"href":"https:\/\/ami.mr\/fr\/wp-json\/wp\/v2\/posts"}],"about":[{"href":"https:\/\/ami.mr\/fr\/wp-json\/wp\/v2\/types\/post"}],"author":[{"embeddable":true,"href":"https:\/\/ami.mr\/fr\/wp-json\/wp\/v2\/users\/8"}],"replies":[{"embeddable":true,"href":"https:\/\/ami.mr\/fr\/wp-json\/wp\/v2\/comments?post=254625"}],"version-history":[{"count":1,"href":"https:\/\/ami.mr\/fr\/wp-json\/wp\/v2\/posts\/254625\/revisions"}],"predecessor-version":[{"id":254628,"href":"https:\/\/ami.mr\/fr\/wp-json\/wp\/v2\/posts\/254625\/revisions\/254628"}],"wp:featuredmedia":[{"embeddable":true,"href":"https:\/\/ami.mr\/fr\/wp-json\/wp\/v2\/media\/254627"}],"wp:attachment":[{"href":"https:\/\/ami.mr\/fr\/wp-json\/wp\/v2\/media?parent=254625"}],"wp:term":[{"taxonomy":"category","embeddable":true,"href":"https:\/\/ami.mr\/fr\/wp-json\/wp\/v2\/categories?post=254625"},{"taxonomy":"post_tag","embeddable":true,"href":"https:\/\/ami.mr\/fr\/wp-json\/wp\/v2\/tags?post=254625"}],"curies":[{"name":"wp","href":"https:\/\/api.w.org\/{rel}","templated":true}]}}