{"id":254607,"date":"2024-09-21T11:05:23","date_gmt":"2024-09-21T11:05:23","guid":{"rendered":"https:\/\/ami.mr\/fr\/?p=254607"},"modified":"2024-09-21T11:05:23","modified_gmt":"2024-09-21T11:05:23","slug":"le-president-de-la-republique-president-de-lunion-africaine-se-rend-a-new-york-pour-participer-a-la-79eme-session-de-lassemblee-generale-des-nations-unies","status":"publish","type":"post","link":"https:\/\/ami.mr\/fr\/archives\/254607","title":{"rendered":"Le Pr\u00e9sident de la R\u00e9publique, Pr\u00e9sident de l&#8217;Union africaine se rend \u00e0 New York pour participer \u00e0 la 79\u00e8me session de l&#8217;Assembl\u00e9e g\u00e9n\u00e9rale des Nations Unies"},"content":{"rendered":"<p>Son Excellence le Pr\u00e9sident de la R\u00e9publique et Pr\u00e9sident de l&#8217;Union africaine, M. Mohamed Ould Cheikh El Ghazouani, a quitt\u00e9 Nouakchott samedi matin \u00e0 destination de New York, Etats-Unis d&#8217;Am\u00e9rique, pour participer \u00e0 la 79\u00e8me session de l&#8217;Assembl\u00e9e g\u00e9n\u00e9rale des Nations Unies.<\/p>\n<p>A son d\u00e9part de l&#8217;a\u00e9roport international de Nouakchott -Oumtounsy, Son Excellence le Pr\u00e9sident de la R\u00e9publique a \u00e9t\u00e9 salu\u00e9 \u00e0 par le Premier Ministre Moctar Ould Diay, le ministre Secr\u00e9taire G\u00e9n\u00e9ral de la Pr\u00e9sidence de la R\u00e9publique, les deux ministres Conseillers de la Pr\u00e9sidence de la R\u00e9publique, les membres du Gouvernement, le chef de l\u2019\u00e9tat-major particulier du Pr\u00e9sident de la R\u00e9publique, la directrice adjointe de cabinet Pr\u00e9sident de la R\u00e9publique, le wali de Nouakchott Ouest et la vice-pr\u00e9sidente de la R\u00e9gion de Nouakchott.<\/p>\n<p>Son Excellence le Pr\u00e9sident de la R\u00e9publique est accompagn\u00e9 d&#8217;une importante d\u00e9l\u00e9gation compos\u00e9e de MM :<\/p>\n<p>&#8211; Nani Ould Achrouga, ministre charg\u00e9 de cabinet du Pr\u00e9sident de la R\u00e9publique ;<\/p>\n<p>&#8211; Mohamed Salem Ould Merzoug, ministre des Affaires Etrang\u00e8res, de la Coop\u00e9ration Africaine et des Mauritaniens de l&#8217;Ext\u00e9rieur ;<\/p>\n<p>&#8211; Sid\u2019Ahmed Ould Bouh, ministre de l&#8217;\u00e9conomie et des finances ;<\/p>\n<p>&#8211; Mohamed Ould Mohamed Malainine Ould Khaled, ministre du p\u00e9trole et de l&#8217;\u00e9nergie ;<\/p>\n<p>&#8211; Messouda Mint Baham Ould Mohamed Laghdaf, ministre de l&#8217;environnement et du d\u00e9veloppement durable ;<\/p>\n<p>&#8211; L&#8217;ambassadeur de Mauritanie aupr\u00e8s des Nations unies \u00e0 New York, Sidi Ould Mohamed Laghdaf ;<\/p>\n<p>&#8211; Ciss\u00e9 Mint Cheikh Ould Bo\u00efda, ambassadrice de Mauritanie \u00e0 Washington ;<\/p>\n<p>&#8211; Khadijetou Mbareck Fall, ambassadrice de Mauritanie \u00e0 Addis Abeba ;<\/p>\n<p>&#8211; Saleh Ould Dehmach, charg\u00e9 de mission de la Pr\u00e9sidence de la R\u00e9publique<\/p>\n<p>&#8211; Mohamedou Ould Mheimid, conseiller \u00e0 la Pr\u00e9sidence de la R\u00e9publique<\/p>\n<p>&#8211; Etah Ould Ahmed Maouloud, conseiller \u00e0 la Pr\u00e9sidence de la R\u00e9publique<\/p>\n<p>&#8211; El Hacen Ould Ahmed, directeur g\u00e9n\u00e9ral du Protocole d\u2019Etat.<\/p>\n","protected":false},"excerpt":{"rendered":"<p>Son Excellence le Pr\u00e9sident de la R\u00e9publique et Pr\u00e9sident de l&#8217;Union africaine, M. Mohamed Ould Cheikh El Ghazouani, a quitt\u00e9 Nouakchott samedi matin \u00e0 destination de New York, Etats-Unis d&#8217;Am\u00e9rique, pour participer \u00e0 la 79\u00e8me session de l&#8217;Assembl\u00e9e g\u00e9n\u00e9rale des Nations Unies. A son d\u00e9part de l&#8217;a\u00e9roport international de Nouakchott -Oumtounsy, Son Excellence le Pr\u00e9sident [&hellip;]<\/p>\n","protected":false},"author":18,"featured_media":254608,"comment_status":"open","ping_status":"open","sticky":false,"template":"","format":"standard","meta":{"footnotes":""},"categories":[63957,63959,63921,63927],"tags":[],"class_list":["post-254607","post","type-post","status-publish","format-standard","has-post-thumbnail","hentry","category-fil-dactualite","category-mauritanie","category-slider-afficher","category-slider-mauritanie"],"_links":{"self":[{"href":"https:\/\/ami.mr\/fr\/wp-json\/wp\/v2\/posts\/254607","targetHints":{"allow":["GET"]}}],"collection":[{"href":"https:\/\/ami.mr\/fr\/wp-json\/wp\/v2\/posts"}],"about":[{"href":"https:\/\/ami.mr\/fr\/wp-json\/wp\/v2\/types\/post"}],"author":[{"embeddable":true,"href":"https:\/\/ami.mr\/fr\/wp-json\/wp\/v2\/users\/18"}],"replies":[{"embeddable":true,"href":"https:\/\/ami.mr\/fr\/wp-json\/wp\/v2\/comments?post=254607"}],"version-history":[{"count":1,"href":"https:\/\/ami.mr\/fr\/wp-json\/wp\/v2\/posts\/254607\/revisions"}],"predecessor-version":[{"id":254609,"href":"https:\/\/ami.mr\/fr\/wp-json\/wp\/v2\/posts\/254607\/revisions\/254609"}],"wp:featuredmedia":[{"embeddable":true,"href":"https:\/\/ami.mr\/fr\/wp-json\/wp\/v2\/media\/254608"}],"wp:attachment":[{"href":"https:\/\/ami.mr\/fr\/wp-json\/wp\/v2\/media?parent=254607"}],"wp:term":[{"taxonomy":"category","embeddable":true,"href":"https:\/\/ami.mr\/fr\/wp-json\/wp\/v2\/categories?post=254607"},{"taxonomy":"post_tag","embeddable":true,"href":"https:\/\/ami.mr\/fr\/wp-json\/wp\/v2\/tags?post=254607"}],"curies":[{"name":"wp","href":"https:\/\/api.w.org\/{rel}","templated":true}]}}