{"id":254210,"date":"2024-09-14T19:27:04","date_gmt":"2024-09-14T19:27:04","guid":{"rendered":"https:\/\/ami.mr\/fr\/?p=254210"},"modified":"2024-09-14T19:27:04","modified_gmt":"2024-09-14T19:27:04","slug":"debut-de-la-reunion-a-nouakchott-de-haut-niveau-des-associations-africaines-et-arabes-et-de-la-federation-internationale-des-journalistes","status":"publish","type":"post","link":"https:\/\/ami.mr\/fr\/archives\/254210","title":{"rendered":"D\u00e9but de la r\u00e9union \u00e0 Nouakchott de haut niveau des associations africaines et arabes et de la F\u00e9d\u00e9ration internationale des journalistes"},"content":{"rendered":"<div class=\"row\">\n<div class=\"cell auto-size\">\n<div class=\"set-border bd-gray padding10 margin10 no-margin-right no-margin-left \" dir=\"ltr\">\n<p>&nbsp;<\/p>\n<p><img decoding=\"async\" class=\" wp-image-254211 alignleft\" src=\"https:\/\/ami.mr\/fr\/wp-content\/uploads\/2024\/09\/14-09-2024-s004-300x213.jpg\" alt=\"\" width=\"282\" height=\"200\" srcset=\"https:\/\/ami.mr\/fr\/wp-content\/uploads\/2024\/09\/14-09-2024-s004-300x213.jpg 300w, https:\/\/ami.mr\/fr\/wp-content\/uploads\/2024\/09\/14-09-2024-s004-768x546.jpg 768w, https:\/\/ami.mr\/fr\/wp-content\/uploads\/2024\/09\/14-09-2024-s004.jpg 800w\" sizes=\"(max-width: 282px) 100vw, 282px\" \/><\/p>\n<p>&nbsp;<\/p>\n<p>Le ministre de la Culture, des Arts, de la Communication et des Relations avec le Parlement, Porte- parole du gouvernement, El Houssein Ould Medou, a pr\u00e9sid\u00e9 samedi \u00e0 l&#8217;acad\u00e9mie diplomatique de Nouakchott, l&#8217;ouverture de la r\u00e9union de haut niveau des associations africaines et arabes et de la f\u00e9d\u00e9ration internationale des journalistes (FIJ), organis\u00e9e sous le haut patronage de SE le Pr\u00e9sident de la R\u00e9publique.<\/p>\n<p>Dans une allocution prononc\u00e9e \u00e0 cette occasion, le ministre a indiqu\u00e9 que le choix de la Mauritanie pour abriter ce forum international, qui r\u00e9unit les associations africaines et arabes et la F\u00e9d\u00e9ration internationale des journalistes pour trouver un m\u00e9canisme de coordination commun, rev\u00eat une grande port\u00e9e symbolique, exprimant son plaisir de superviser ce forum.<\/p>\n<p>Il a soulign\u00e9 que la Mauritanie occupe la premi\u00e8re place parmi les pays arabes et africains et la 33\u00e8me place au niveau mondial dans le domaine de la libert\u00e9 de la presse, et qu&#8217;elle dispose de syndicats efficaces qui ont r\u00e9alis\u00e9 des acquis sans pr\u00e9c\u00e9dent au niveau arabe et africain, ce qui rassure qu&#8217;elle est pr\u00eate \u00e0 jouer un r\u00f4le plus important \u00e0 l&#8217;avenir.<\/p>\n<p>Le ministre a rappel\u00e9 qu&#8217;il y a trois ans, sur instruction de Son Excellence le Pr\u00e9sident de la R\u00e9publique, M. Mohamed Ould Cheikh El Ghazouani, une commission de r\u00e9forme de la presse, choisie dans diff\u00e9rents milieux et g\u00e9n\u00e9rations de journalistes, a \u00e9t\u00e9 constitu\u00e9e pour diagnostiquer avec pr\u00e9cision la r\u00e9alit\u00e9 de la presse mauritanienne.<\/p>\n<p>Cette commission a rendu son rapport g\u00e9n\u00e9ral, qui a \u00e9t\u00e9 adopt\u00e9 par le gouvernement lequel a entam\u00e9 la mise en \u0153uvre de ses recommandations.<\/p>\n<p>Tout cela s&#8217;est traduit, dit- il, par l&#8217;introduction de nouvelles r\u00e9formes ayant pour effet d\u2019\u00e9largir les libert\u00e9s et de renforcer l&#8217;efficacit\u00e9 de la presse, en plus de la r\u00e9vision du cadre juridique r\u00e9gissant la sc\u00e8ne m\u00e9diatique, y compris la loi portant cr\u00e9ation de la Haute Autorit\u00e9 de la Presse et de l&#8217;Audiovisuel.<\/p>\n<p>Pour sa part, le pr\u00e9sident de l&#8217;Association des journalistes mauritaniens, M. Moussa Ould Behli, s&#8217;est r\u00e9joui de l&#8217;accueil par la Mauritanie de ce forum international, saluant les efforts de tous les acteurs dans ce domaine.<\/p>\n<p>Il a indiqu\u00e9 que c&#8217;est gr\u00e2ce \u00e0 la lutte et aux efforts des journalistes que la Mauritanie occupe la premi\u00e8re place sur la sc\u00e8ne africaine et arabe en mati\u00e8re de libert\u00e9 de la presse, soulignant que l&#8217;Association des journalistes mauritaniens a per\u00e7u des signaux positifs de la part du gouvernement mauritanien en ce qui concerne le traitement du dossier de la presse.<\/p>\n<p>Pour sa part, le secr\u00e9taire g\u00e9n\u00e9ral de la FIJ, M. Anthony Belanger, a expliqu\u00e9 que la Mauritanie a besoin de journalistes capables de travailler de mani\u00e8re ind\u00e9pendante afin de pouvoir mener \u00e0 bien leur mission.<\/p>\n<p>Il a d\u00e9clar\u00e9 qu&#8217;\u00e0 travers ce forum, ils seront en mesure de faire avancer ces questions.<\/p>\n<p>Pour sa part, le pr\u00e9sident de la F\u00e9d\u00e9ration africaine des journalistes, Ousmane Oumar Farouk, a d\u00e9clar\u00e9 qu&#8217;ils travaillaient pour assurer de meilleures conditions de travail dans le domaine du journalisme, louant le r\u00f4le jou\u00e9 par la Mauritanie dans la protection des journalistes, l&#8217;am\u00e9lioration de leurs normes et la pleine libert\u00e9 d&#8217;exprimer leurs opinions.<\/p>\n<\/div>\n<\/div>\n<\/div>\n","protected":false},"excerpt":{"rendered":"<p>&nbsp; &nbsp; Le ministre de la Culture, des Arts, de la Communication et des Relations avec le Parlement, Porte- parole du gouvernement, El Houssein Ould Medou, a pr\u00e9sid\u00e9 samedi \u00e0 l&#8217;acad\u00e9mie diplomatique de Nouakchott, l&#8217;ouverture de la r\u00e9union de haut niveau des associations africaines et arabes et de la f\u00e9d\u00e9ration internationale des journalistes (FIJ), organis\u00e9e [&hellip;]<\/p>\n","protected":false},"author":8,"featured_media":254212,"comment_status":"open","ping_status":"open","sticky":false,"template":"","format":"standard","meta":{"footnotes":""},"categories":[63920,63957,63959],"tags":[],"class_list":["post-254210","post","type-post","status-publish","format-standard","has-post-thumbnail","hentry","category-a-la-une","category-fil-dactualite","category-mauritanie"],"_links":{"self":[{"href":"https:\/\/ami.mr\/fr\/wp-json\/wp\/v2\/posts\/254210","targetHints":{"allow":["GET"]}}],"collection":[{"href":"https:\/\/ami.mr\/fr\/wp-json\/wp\/v2\/posts"}],"about":[{"href":"https:\/\/ami.mr\/fr\/wp-json\/wp\/v2\/types\/post"}],"author":[{"embeddable":true,"href":"https:\/\/ami.mr\/fr\/wp-json\/wp\/v2\/users\/8"}],"replies":[{"embeddable":true,"href":"https:\/\/ami.mr\/fr\/wp-json\/wp\/v2\/comments?post=254210"}],"version-history":[{"count":1,"href":"https:\/\/ami.mr\/fr\/wp-json\/wp\/v2\/posts\/254210\/revisions"}],"predecessor-version":[{"id":254213,"href":"https:\/\/ami.mr\/fr\/wp-json\/wp\/v2\/posts\/254210\/revisions\/254213"}],"wp:featuredmedia":[{"embeddable":true,"href":"https:\/\/ami.mr\/fr\/wp-json\/wp\/v2\/media\/254212"}],"wp:attachment":[{"href":"https:\/\/ami.mr\/fr\/wp-json\/wp\/v2\/media?parent=254210"}],"wp:term":[{"taxonomy":"category","embeddable":true,"href":"https:\/\/ami.mr\/fr\/wp-json\/wp\/v2\/categories?post=254210"},{"taxonomy":"post_tag","embeddable":true,"href":"https:\/\/ami.mr\/fr\/wp-json\/wp\/v2\/tags?post=254210"}],"curies":[{"name":"wp","href":"https:\/\/api.w.org\/{rel}","templated":true}]}}