{"id":254177,"date":"2024-09-13T21:15:43","date_gmt":"2024-09-13T21:15:43","guid":{"rendered":"https:\/\/ami.mr\/fr\/?p=254177"},"modified":"2024-09-13T21:15:43","modified_gmt":"2024-09-13T21:15:43","slug":"le-ministre-de-lequipement-inspecte-les-travaux-de-rehabilitation-de-la-route-aleg-maghta-lahjar","status":"publish","type":"post","link":"https:\/\/ami.mr\/fr\/archives\/254177","title":{"rendered":"Le ministre de l&#8217;\u00e9quipement inspecte les travaux de r\u00e9habilitation de la route Aleg-Maghta Lahjar"},"content":{"rendered":"<div class=\"cell auto-size\">\n<div class=\"set-border bd-gray padding10 margin10 no-margin-right no-margin-left \" dir=\"ltr\">\n<p>Le ministre de l&#8217;\u00e9quipement et des transports, M. Ely Ould El Veirik, a effectu\u00e9, vendredi, une visite d&#8217;inspection des travaux de r\u00e9habilitation du tron\u00e7on routier Aleg-Maghta Lahjar.<\/p>\n<p>Au cours de cette visite, qui a \u00e9galement port\u00e9 sur la reconstruction du tron\u00e7on routier au nord d&#8217;Aleg, le ministre a \u00e9t\u00e9 inform\u00e9 de l&#8217;\u00e9tat d&#8217;avancement des travaux sur ces tron\u00e7ons routiers et des caract\u00e9ristiques techniques de leur construction.<\/p>\n<p>La visite du Ministre s&#8217;inscrit dans le cadre du plan d&#8217;action mis en \u0153uvre par le d\u00e9partement de l\u2019\u00c9quipement et des Transports, qui se concr\u00e9tise par un suivi permanent de tous les projets et chantiers afin d&#8217;en assurer la qualit\u00e9, la perfection et la rapidit\u00e9 d&#8217;ex\u00e9cution.<\/p>\n<p>Lors des diff\u00e9rentes \u00e9tapes de la visite, le Ministre a donn\u00e9 des instructions aux entreprises engag\u00e9es dans ces travaux et aux bureaux de supervision et de contr\u00f4le pour que ces tron\u00e7ons routiers soient achev\u00e9s dans les d\u00e9lais impartis, en tenant compte des normes de qualit\u00e9 les plus \u00e9lev\u00e9es.<\/p>\n<p>Le ministre \u00e9tait accompagn\u00e9 du wali mou\u00e7aid du Brakna, M. Mohamed Abdelvattah Ould Ahmed, de la vice-pr\u00e9sidente de la r\u00e9gion du Brakna, Mme Deija Mint Houeibib, des hakems des moughataas d&#8217;Aleg et de Maghta-Lahjar respectivement, Abdel Kader Ould Tayeb Ould Cherfa et Mohamed Mokhtar Ould Mahmoud, des \u00e9lus locaux et des autorit\u00e9s s\u00e9curitaires et militaires de la wilaya.<\/p>\n<\/div>\n<\/div>\n","protected":false},"excerpt":{"rendered":"<p>Le ministre de l&#8217;\u00e9quipement et des transports, M. Ely Ould El Veirik, a effectu\u00e9, vendredi, une visite d&#8217;inspection des travaux de r\u00e9habilitation du tron\u00e7on routier Aleg-Maghta Lahjar. Au cours de cette visite, qui a \u00e9galement port\u00e9 sur la reconstruction du tron\u00e7on routier au nord d&#8217;Aleg, le ministre a \u00e9t\u00e9 inform\u00e9 de l&#8217;\u00e9tat d&#8217;avancement des travaux [&hellip;]<\/p>\n","protected":false},"author":5,"featured_media":254178,"comment_status":"open","ping_status":"open","sticky":false,"template":"","format":"standard","meta":{"footnotes":""},"categories":[63920,63957,8672],"tags":[],"class_list":["post-254177","post","type-post","status-publish","format-standard","has-post-thumbnail","hentry","category-a-la-une","category-fil-dactualite","category-8672"],"_links":{"self":[{"href":"https:\/\/ami.mr\/fr\/wp-json\/wp\/v2\/posts\/254177","targetHints":{"allow":["GET"]}}],"collection":[{"href":"https:\/\/ami.mr\/fr\/wp-json\/wp\/v2\/posts"}],"about":[{"href":"https:\/\/ami.mr\/fr\/wp-json\/wp\/v2\/types\/post"}],"author":[{"embeddable":true,"href":"https:\/\/ami.mr\/fr\/wp-json\/wp\/v2\/users\/5"}],"replies":[{"embeddable":true,"href":"https:\/\/ami.mr\/fr\/wp-json\/wp\/v2\/comments?post=254177"}],"version-history":[{"count":1,"href":"https:\/\/ami.mr\/fr\/wp-json\/wp\/v2\/posts\/254177\/revisions"}],"predecessor-version":[{"id":254179,"href":"https:\/\/ami.mr\/fr\/wp-json\/wp\/v2\/posts\/254177\/revisions\/254179"}],"wp:featuredmedia":[{"embeddable":true,"href":"https:\/\/ami.mr\/fr\/wp-json\/wp\/v2\/media\/254178"}],"wp:attachment":[{"href":"https:\/\/ami.mr\/fr\/wp-json\/wp\/v2\/media?parent=254177"}],"wp:term":[{"taxonomy":"category","embeddable":true,"href":"https:\/\/ami.mr\/fr\/wp-json\/wp\/v2\/categories?post=254177"},{"taxonomy":"post_tag","embeddable":true,"href":"https:\/\/ami.mr\/fr\/wp-json\/wp\/v2\/tags?post=254177"}],"curies":[{"name":"wp","href":"https:\/\/api.w.org\/{rel}","templated":true}]}}