{"id":254116,"date":"2024-09-12T21:15:44","date_gmt":"2024-09-12T21:15:44","guid":{"rendered":"https:\/\/ami.mr\/fr\/?p=254116"},"modified":"2024-09-12T21:15:44","modified_gmt":"2024-09-12T21:15:44","slug":"notre-pays-commemore-la-journee-du-cilss","status":"publish","type":"post","link":"https:\/\/ami.mr\/fr\/archives\/254116","title":{"rendered":"Notre pays comm\u00e9more la journ\u00e9e du CILSS"},"content":{"rendered":"<p>Notre pays a comm\u00e9mor\u00e9 jeudi la 39\u00e8me journ\u00e9e du CILSS, plac\u00e9e sous le th\u00e8me \u00ab Des syst\u00e8mes d&#8217;irrigation efficaces et durables pour une agriculture r\u00e9siliente au climat qui contribue \u00e0 la s\u00e9curit\u00e9 alimentaire et \u00e0 la nutrition ainsi qu&#8217;\u00e0 la croissance \u00e9conomique au Sahel et en Afrique de l&#8217;Ouest \u00bb.<\/p>\n<p>La comm\u00e9moration de cette journ\u00e9e a \u00e9t\u00e9 marqu\u00e9e par une c\u00e9r\u00e9monie organis\u00e9e dans les locaux du minist\u00e8re de l&#8217;Agriculture et de la Souverainet\u00e9 Alimentaire, pr\u00e9sid\u00e9e par le secr\u00e9taire g\u00e9n\u00e9ral du d\u00e9partement, Ahmed Salem Ould El Arbi, qui a expliqu\u00e9, dans une allocution prononc\u00e9e \u00e0 cette occasion, que le choix de ce th\u00e8me s&#8217;inscrit dans une volont\u00e9 manifeste de valoriser notre potentiel irrigable et d&#8217;impulser une dynamique r\u00e9gionale dans ce domaine.<\/p>\n<p>Il s\u2019agit dit- il, de contribuer significativement \u00e0 l&#8217;am\u00e9lioration de la s\u00e9curit\u00e9 alimentaire de nos communaut\u00e9s en vue de r\u00e9aliser la souverainet\u00e9 alimentaire souhait\u00e9e, devenue imp\u00e9rative dans le programme \u00e9lectoral de S.E. le Pr\u00e9sident de la R\u00e9publique M. Mohamed Ould Cheikh El Ghazouani.<\/p>\n<p>Le secr\u00e9taire g\u00e9n\u00e9ral a appel\u00e9 \u00e0 saisir toutes les opportunit\u00e9s pour mettre en \u0153uvre des politiques et des strat\u00e9gies appropri\u00e9es pour rendre nos syst\u00e8mes irrigu\u00e9s efficaces et durables, ce qui implique des engagements forts pour r\u00e9orienter fondamentalement les priorit\u00e9s d&#8217;investissement vers le d\u00e9veloppement de syst\u00e8mes irrigu\u00e9s r\u00e9silients.<\/p>\n<p>Pour ce faire, il faut soutenir les pays dans la mobilisation des ressources financi\u00e8res pour l&#8217;irrigation, et en recherchant de nouveaux partenariats autour de la gestion de l&#8217;eau.<\/p>\n<p>Il a remerci\u00e9 les partenaires techniques et financiers du CILSS, les invitant \u00e0 poursuivre leur soutien pour relever le d\u00e9fi de la souverainet\u00e9 alimentaire.<\/p>\n<p>Il convient de mentionner que la Mauritanie a \u00e9t\u00e9 l&#8217;un des initiateurs de la lutte contre les crises climatiques dans la r\u00e9gion du Sahel au cours de la premi\u00e8re d\u00e9cennie qui a suivi l&#8217;ind\u00e9pendance, et a \u00e9t\u00e9 l&#8217;un des fondateurs du Comit\u00e9 permanent Inter- Etats de lutte contre les effets de la s\u00e9cheresse dans le Sahel (CILSS) le 12 d\u00e9cembre 1973.<\/p>\n<p>La c\u00e9r\u00e9monie s&#8217;est d\u00e9roul\u00e9e en pr\u00e9sence de M. Mohamed Ahmed Bennane, conseiller du ministre de l&#8217;Agriculture et de la Souverainet\u00e9 Alimentaire charg\u00e9 du CILSS, de M. Mohamed Abdallahi Ould Babah, conseiller du secr\u00e9taire ex\u00e9cutif de l&#8217;Organisation, et de plusieurs hauts fonctionnaires du minist\u00e8re.<\/p>\n","protected":false},"excerpt":{"rendered":"<p>Notre pays a comm\u00e9mor\u00e9 jeudi la 39\u00e8me journ\u00e9e du CILSS, plac\u00e9e sous le th\u00e8me \u00ab Des syst\u00e8mes d&#8217;irrigation efficaces et durables pour une agriculture r\u00e9siliente au climat qui contribue \u00e0 la s\u00e9curit\u00e9 alimentaire et \u00e0 la nutrition ainsi qu&#8217;\u00e0 la croissance \u00e9conomique au Sahel et en Afrique de l&#8217;Ouest \u00bb. La comm\u00e9moration de cette journ\u00e9e [&hellip;]<\/p>\n","protected":false},"author":5,"featured_media":254117,"comment_status":"open","ping_status":"open","sticky":false,"template":"","format":"standard","meta":{"footnotes":""},"categories":[63918,63957,63959],"tags":[],"class_list":["post-254116","post","type-post","status-publish","format-standard","has-post-thumbnail","hentry","category-autres","category-fil-dactualite","category-mauritanie"],"_links":{"self":[{"href":"https:\/\/ami.mr\/fr\/wp-json\/wp\/v2\/posts\/254116","targetHints":{"allow":["GET"]}}],"collection":[{"href":"https:\/\/ami.mr\/fr\/wp-json\/wp\/v2\/posts"}],"about":[{"href":"https:\/\/ami.mr\/fr\/wp-json\/wp\/v2\/types\/post"}],"author":[{"embeddable":true,"href":"https:\/\/ami.mr\/fr\/wp-json\/wp\/v2\/users\/5"}],"replies":[{"embeddable":true,"href":"https:\/\/ami.mr\/fr\/wp-json\/wp\/v2\/comments?post=254116"}],"version-history":[{"count":1,"href":"https:\/\/ami.mr\/fr\/wp-json\/wp\/v2\/posts\/254116\/revisions"}],"predecessor-version":[{"id":254118,"href":"https:\/\/ami.mr\/fr\/wp-json\/wp\/v2\/posts\/254116\/revisions\/254118"}],"wp:featuredmedia":[{"embeddable":true,"href":"https:\/\/ami.mr\/fr\/wp-json\/wp\/v2\/media\/254117"}],"wp:attachment":[{"href":"https:\/\/ami.mr\/fr\/wp-json\/wp\/v2\/media?parent=254116"}],"wp:term":[{"taxonomy":"category","embeddable":true,"href":"https:\/\/ami.mr\/fr\/wp-json\/wp\/v2\/categories?post=254116"},{"taxonomy":"post_tag","embeddable":true,"href":"https:\/\/ami.mr\/fr\/wp-json\/wp\/v2\/tags?post=254116"}],"curies":[{"name":"wp","href":"https:\/\/api.w.org\/{rel}","templated":true}]}}