{"id":253911,"date":"2024-09-10T19:23:20","date_gmt":"2024-09-10T19:23:20","guid":{"rendered":"https:\/\/ami.mr\/fr\/?p=253911"},"modified":"2024-09-10T19:23:20","modified_gmt":"2024-09-10T19:23:20","slug":"le-ministre-de-lelevage-recoit-lambassadeur-du-senegal-2","status":"publish","type":"post","link":"https:\/\/ami.mr\/fr\/archives\/253911","title":{"rendered":"Le ministre de l&#8217;\u00e9levage re\u00e7oit l&#8217;ambassadeur du S\u00e9n\u00e9gal"},"content":{"rendered":"<div class=\"cell auto-size\">\n<div class=\"set-border bd-gray padding10 margin10 no-margin-right no-margin-left \" dir=\"ltr\">\n<p>Le ministre de l&#8217;\u00e9levage, M. Mokhtar Gaguih, a re\u00e7u, mardi, \u00e0 son bureau, SEM Biram M&#8217;Bagnik Diagne, ambassadeur du S\u00e9n\u00e9gal en Mauritanie.<\/p>\n<p>L&#8217;entretien a port\u00e9 sur les relations de coop\u00e9ration fructueuses entre les deux pays et les moyens de les renforcer et de les d\u00e9velopper davantage, notamment dans les domaines li\u00e9s au secteur de l&#8217;\u00e9levage.<\/p>\n<p>La r\u00e9union s&#8217;est d\u00e9roul\u00e9e en pr\u00e9sence du Secr\u00e9taire G\u00e9n\u00e9ral du Minist\u00e8re, Mohamed Mahmoud Abdellahi, et d&#8217;un certain nombre de cadre du d\u00e9partement.<\/p>\n<p>&nbsp;<\/p>\n<p>&nbsp;<\/p>\n<p>&nbsp;<\/p>\n<p>&nbsp;<\/p>\n<\/div>\n<\/div>\n","protected":false},"excerpt":{"rendered":"<p>Le ministre de l&#8217;\u00e9levage, M. Mokhtar Gaguih, a re\u00e7u, mardi, \u00e0 son bureau, SEM Biram M&#8217;Bagnik Diagne, ambassadeur du S\u00e9n\u00e9gal en Mauritanie. L&#8217;entretien a port\u00e9 sur les relations de coop\u00e9ration fructueuses entre les deux pays et les moyens de les renforcer et de les d\u00e9velopper davantage, notamment dans les domaines li\u00e9s au secteur de l&#8217;\u00e9levage. [&hellip;]<\/p>\n","protected":false},"author":13,"featured_media":253881,"comment_status":"open","ping_status":"open","sticky":false,"template":"","format":"standard","meta":{"footnotes":""},"categories":[63918,63919,63957,63959,63927],"tags":[],"class_list":["post-253911","post","type-post","status-publish","format-standard","has-post-thumbnail","hentry","category-autres","category-choix-du-redacteur","category-fil-dactualite","category-mauritanie","category-slider-mauritanie"],"_links":{"self":[{"href":"https:\/\/ami.mr\/fr\/wp-json\/wp\/v2\/posts\/253911","targetHints":{"allow":["GET"]}}],"collection":[{"href":"https:\/\/ami.mr\/fr\/wp-json\/wp\/v2\/posts"}],"about":[{"href":"https:\/\/ami.mr\/fr\/wp-json\/wp\/v2\/types\/post"}],"author":[{"embeddable":true,"href":"https:\/\/ami.mr\/fr\/wp-json\/wp\/v2\/users\/13"}],"replies":[{"embeddable":true,"href":"https:\/\/ami.mr\/fr\/wp-json\/wp\/v2\/comments?post=253911"}],"version-history":[{"count":1,"href":"https:\/\/ami.mr\/fr\/wp-json\/wp\/v2\/posts\/253911\/revisions"}],"predecessor-version":[{"id":253914,"href":"https:\/\/ami.mr\/fr\/wp-json\/wp\/v2\/posts\/253911\/revisions\/253914"}],"wp:featuredmedia":[{"embeddable":true,"href":"https:\/\/ami.mr\/fr\/wp-json\/wp\/v2\/media\/253881"}],"wp:attachment":[{"href":"https:\/\/ami.mr\/fr\/wp-json\/wp\/v2\/media?parent=253911"}],"wp:term":[{"taxonomy":"category","embeddable":true,"href":"https:\/\/ami.mr\/fr\/wp-json\/wp\/v2\/categories?post=253911"},{"taxonomy":"post_tag","embeddable":true,"href":"https:\/\/ami.mr\/fr\/wp-json\/wp\/v2\/tags?post=253911"}],"curies":[{"name":"wp","href":"https:\/\/api.w.org\/{rel}","templated":true}]}}