{"id":253731,"date":"2024-09-08T13:48:06","date_gmt":"2024-09-08T13:48:06","guid":{"rendered":"https:\/\/ami.mr\/fr\/?p=253731"},"modified":"2024-09-08T13:48:06","modified_gmt":"2024-09-08T13:48:06","slug":"distribution-de-materiel-de-desinfection-et-organisation-dune-session-de-formation-a-el-mina","status":"publish","type":"post","link":"https:\/\/ami.mr\/fr\/archives\/253731","title":{"rendered":"Distribution de mat\u00e9riel de d\u00e9sinfection et organisation d\u2019une session de formation \u00e0 El Mina"},"content":{"rendered":"<p>Le maire de la commune d\u2019El Mina, Moussa Ould Abdallah, a supervis\u00e9 samedi dans les quartiers de la commune d\u2019El Mina la distribution de mat\u00e9riels de d\u00e9sinfection \u00e0 certains habitants.<\/p>\n<p>Cette op\u00e9ration vise \u00e0 aider les habitants de la commune \u00e0 faire face aux maladies d&#8217;automne et \u00e0 \u00e9liminer les moustiques qui se multiplient durant cette saison de l&#8217;ann\u00e9e.<\/p>\n<p>Le maire a \u00e9galement supervis\u00e9 le d\u00e9marrage d&#8217;une formation au profit de certaines organisations de la soci\u00e9t\u00e9 civile sur la gestion des fonds du programme la \u00ab Graine de Citoyennet\u00e9 \u00bb pour le d\u00e9veloppement local, en coop\u00e9ration avec l&#8217;Association des filles actives.<\/p>\n<p>Dans un discours prononc\u00e9 \u00e0 cette occasion, le maire a d\u00e9clar\u00e9 que la formation des organisations de la soci\u00e9t\u00e9 civile sur la gestion du financement de micro-projets est au c\u0153ur de la politique du Pr\u00e9sident de la R\u00e9publique Mohamed Cheikh Ghazouani visant \u00e0 am\u00e9liorer les conditions de vie des citoyens et des groupes vuln\u00e9rables, en particulier.<\/p>\n<p>Il a ajout\u00e9 que les jeunes de la commune d\u2019El Mina sont plus que jamais appel\u00e9s \u00e0 tirer profit de la grande attention accord\u00e9e \u00e0 la jeunesse par le Pr\u00e9sident de la R\u00e9publique, ajoutant que la cr\u00e9ation d&#8217;un minist\u00e8re de la jeunesse est importante et n\u00e9cessite la pr\u00e9sence de cette cat\u00e9gorie de la population dans tous les aspects du travail de d\u00e9veloppement du pays.<\/p>\n<p>Les habitants de la commune ont exprim\u00e9 leurs remerciements au maire pour cette aide, qui refl\u00e8te son souci sinc\u00e8re de la vie des citoyens, notant que les familles qui ont b\u00e9n\u00e9fici\u00e9 de ce mat\u00e9riel de d\u00e9sinfection en avaient grandement besoin.<\/p>\n","protected":false},"excerpt":{"rendered":"<p>Le maire de la commune d\u2019El Mina, Moussa Ould Abdallah, a supervis\u00e9 samedi dans les quartiers de la commune d\u2019El Mina la distribution de mat\u00e9riels de d\u00e9sinfection \u00e0 certains habitants. Cette op\u00e9ration vise \u00e0 aider les habitants de la commune \u00e0 faire face aux maladies d&#8217;automne et \u00e0 \u00e9liminer les moustiques qui se multiplient durant [&hellip;]<\/p>\n","protected":false},"author":17,"featured_media":253732,"comment_status":"open","ping_status":"open","sticky":false,"template":"","format":"standard","meta":{"footnotes":""},"categories":[63918,63957,63959],"tags":[],"class_list":["post-253731","post","type-post","status-publish","format-standard","has-post-thumbnail","hentry","category-autres","category-fil-dactualite","category-mauritanie"],"_links":{"self":[{"href":"https:\/\/ami.mr\/fr\/wp-json\/wp\/v2\/posts\/253731","targetHints":{"allow":["GET"]}}],"collection":[{"href":"https:\/\/ami.mr\/fr\/wp-json\/wp\/v2\/posts"}],"about":[{"href":"https:\/\/ami.mr\/fr\/wp-json\/wp\/v2\/types\/post"}],"author":[{"embeddable":true,"href":"https:\/\/ami.mr\/fr\/wp-json\/wp\/v2\/users\/17"}],"replies":[{"embeddable":true,"href":"https:\/\/ami.mr\/fr\/wp-json\/wp\/v2\/comments?post=253731"}],"version-history":[{"count":1,"href":"https:\/\/ami.mr\/fr\/wp-json\/wp\/v2\/posts\/253731\/revisions"}],"predecessor-version":[{"id":253733,"href":"https:\/\/ami.mr\/fr\/wp-json\/wp\/v2\/posts\/253731\/revisions\/253733"}],"wp:featuredmedia":[{"embeddable":true,"href":"https:\/\/ami.mr\/fr\/wp-json\/wp\/v2\/media\/253732"}],"wp:attachment":[{"href":"https:\/\/ami.mr\/fr\/wp-json\/wp\/v2\/media?parent=253731"}],"wp:term":[{"taxonomy":"category","embeddable":true,"href":"https:\/\/ami.mr\/fr\/wp-json\/wp\/v2\/categories?post=253731"},{"taxonomy":"post_tag","embeddable":true,"href":"https:\/\/ami.mr\/fr\/wp-json\/wp\/v2\/tags?post=253731"}],"curies":[{"name":"wp","href":"https:\/\/api.w.org\/{rel}","templated":true}]}}