{"id":253660,"date":"2024-09-06T21:05:29","date_gmt":"2024-09-06T21:05:29","guid":{"rendered":"https:\/\/ami.mr\/fr\/?p=253660"},"modified":"2024-09-06T21:05:29","modified_gmt":"2024-09-06T21:05:29","slug":"la-commission-de-la-justice-examine-un-projet-de-loi-visant-a-creer-un-tribunal-specialise-dans-la-lutte-contre-lesclavage","status":"publish","type":"post","link":"https:\/\/ami.mr\/fr\/archives\/253660","title":{"rendered":"La commission de la justice examine un projet de loi visant \u00e0 cr\u00e9er un tribunal sp\u00e9cialis\u00e9 dans la lutte contre l&#8217;esclavage"},"content":{"rendered":"<div class=\"cell auto-size\">\n<div class=\"set-border bd-gray padding10 margin10 no-margin-right no-margin-left \" dir=\"ltr\">\n<p>La commission de la Justice, de l&#8217;Int\u00e9rieur et de la D\u00e9fense de l&#8217;Assembl\u00e9e nationale a consacr\u00e9 sa r\u00e9union de vendredi, sous la pr\u00e9sidence du d\u00e9put\u00e9 Jaafar Ould Melainine, son pr\u00e9sident, \u00e0 l&#8217;examen d&#8217;un projet de loi pr\u00e9voyant la cr\u00e9ation d&#8217;une juridiction de premi\u00e8re instance appel\u00e9e Cour sp\u00e9cialis\u00e9e pour la lutte contre l&#8217;esclavage, la traite des personnes et le trafic illicite de migrants.<\/p>\n<p>Au cours de la r\u00e9union, la commission a suivi un expos\u00e9 du ministre de la Justice, M. Mohamed Mahmoud Cheikh Abdallah Ben Beya, qui a mis en exergue les domaines d&#8217;intervention de cette juridiction et les r\u00f4les qui lui sont assign\u00e9s dans le cadre de la lutte contre l&#8217;esclavage, la traite des personnes et le trafic illicite de migrants.<\/p>\n<\/div>\n<\/div>\n","protected":false},"excerpt":{"rendered":"<p>La commission de la Justice, de l&#8217;Int\u00e9rieur et de la D\u00e9fense de l&#8217;Assembl\u00e9e nationale a consacr\u00e9 sa r\u00e9union de vendredi, sous la pr\u00e9sidence du d\u00e9put\u00e9 Jaafar Ould Melainine, son pr\u00e9sident, \u00e0 l&#8217;examen d&#8217;un projet de loi pr\u00e9voyant la cr\u00e9ation d&#8217;une juridiction de premi\u00e8re instance appel\u00e9e Cour sp\u00e9cialis\u00e9e pour la lutte contre l&#8217;esclavage, la traite des [&hellip;]<\/p>\n","protected":false},"author":5,"featured_media":253661,"comment_status":"open","ping_status":"open","sticky":false,"template":"","format":"standard","meta":{"footnotes":""},"categories":[63920,63957,63959,63927],"tags":[],"class_list":["post-253660","post","type-post","status-publish","format-standard","has-post-thumbnail","hentry","category-a-la-une","category-fil-dactualite","category-mauritanie","category-slider-mauritanie"],"_links":{"self":[{"href":"https:\/\/ami.mr\/fr\/wp-json\/wp\/v2\/posts\/253660","targetHints":{"allow":["GET"]}}],"collection":[{"href":"https:\/\/ami.mr\/fr\/wp-json\/wp\/v2\/posts"}],"about":[{"href":"https:\/\/ami.mr\/fr\/wp-json\/wp\/v2\/types\/post"}],"author":[{"embeddable":true,"href":"https:\/\/ami.mr\/fr\/wp-json\/wp\/v2\/users\/5"}],"replies":[{"embeddable":true,"href":"https:\/\/ami.mr\/fr\/wp-json\/wp\/v2\/comments?post=253660"}],"version-history":[{"count":1,"href":"https:\/\/ami.mr\/fr\/wp-json\/wp\/v2\/posts\/253660\/revisions"}],"predecessor-version":[{"id":253662,"href":"https:\/\/ami.mr\/fr\/wp-json\/wp\/v2\/posts\/253660\/revisions\/253662"}],"wp:featuredmedia":[{"embeddable":true,"href":"https:\/\/ami.mr\/fr\/wp-json\/wp\/v2\/media\/253661"}],"wp:attachment":[{"href":"https:\/\/ami.mr\/fr\/wp-json\/wp\/v2\/media?parent=253660"}],"wp:term":[{"taxonomy":"category","embeddable":true,"href":"https:\/\/ami.mr\/fr\/wp-json\/wp\/v2\/categories?post=253660"},{"taxonomy":"post_tag","embeddable":true,"href":"https:\/\/ami.mr\/fr\/wp-json\/wp\/v2\/tags?post=253660"}],"curies":[{"name":"wp","href":"https:\/\/api.w.org\/{rel}","templated":true}]}}