{"id":253211,"date":"2024-08-31T13:59:26","date_gmt":"2024-08-31T13:59:26","guid":{"rendered":"https:\/\/ami.mr\/fr\/?p=253211"},"modified":"2024-08-31T14:03:34","modified_gmt":"2024-08-31T14:03:34","slug":"lassociation-el-houda-organise-une-journee-de-sante-a-elb-adress","status":"publish","type":"post","link":"https:\/\/ami.mr\/fr\/archives\/253211","title":{"rendered":"L\u2019Association El Houda organise une journ\u00e9e de sant\u00e9 \u00e0 Elb Adress"},"content":{"rendered":"<p>L&#8217;Association El Houda pour les \u0153uvres caritatives et humanitaires, sous la supervision de l&#8217;Association caritative kowe\u00eftienne Nafaa, a organis\u00e9, samedi, une journ\u00e9e de sant\u00e9 au niveau de centre El Farouk \u00e0 Elb Adress, relevant de la moughataa de Boutilimit, wilaya du Trarza.<\/p>\n<p>Cette journ\u00e9e de sant\u00e9 vise \u00e0 faire b\u00e9n\u00e9ficier le plus grand nombre de patients de la zone de consultations m\u00e9dicales gratuites.<\/p>\n<p>A ce propos, le pr\u00e9sident de l&#8217;Association El Houda pour les \u0153uvres caritatives et humanitaires, le Dr Mohameden Ould Mohamed Khaled, a expliqu\u00e9 que l&#8217;association organise depuis longtemps des journ\u00e9es de sant\u00e9, pr\u00e9cisant que la journ\u00e9e de sant\u00e9 \u00e0 Elb Adress est la troisi\u00e8me du genre cette ann\u00e9e.<\/p>\n<p>Le centre de sant\u00e9 Al-Farouk a \u00e9t\u00e9 construit par l\u2019\u00c9tat fr\u00e8re du Kowe\u00eft, a-t-il dit, ajoutant qu&#8217;il est dot\u00e9 de tous les \u00e9quipements et fournitures n\u00e9cessaires pour accueillir les citoyens.<\/p>\n<p>Jusqu&#8217;\u00e0 10 m\u00e9decins, dont des g\u00e9n\u00e9ralistes et des sp\u00e9cialistes dans divers domaines, participent \u00e0 cette journ\u00e9e pour dispensent notamment des consultations et des examens dans les domaines de la cardiologie, de l&#8217;ophtalmologie, de la gyn\u00e9cologie, de la p\u00e9diatrie, a-t-il dit.<\/p>\n<p>Ces journ\u00e9es de la sant\u00e9 ont \u00e9t\u00e9 organis\u00e9es par des associations et des organisations de la soci\u00e9t\u00e9 civile en coop\u00e9ration et en coordination avec le minist\u00e8re de la sant\u00e9 et toutes les parties concern\u00e9es dans le domaine de la sant\u00e9, a-t-il d\u00e9clar\u00e9.<\/p>\n<p><img decoding=\"async\" class=\"alignnone  wp-image-253215\" src=\"https:\/\/ami.mr\/fr\/wp-content\/uploads\/2024\/08\/\u0645\u0631\u0643\u0632-\u0639\u0644\u0628-\u0627\u062f\u0631\u0627\u0633-1-300x225.jpg\" alt=\"\" width=\"555\" height=\"416\" srcset=\"https:\/\/ami.mr\/fr\/wp-content\/uploads\/2024\/08\/\u0645\u0631\u0643\u0632-\u0639\u0644\u0628-\u0627\u062f\u0631\u0627\u0633-1-300x225.jpg 300w, https:\/\/ami.mr\/fr\/wp-content\/uploads\/2024\/08\/\u0645\u0631\u0643\u0632-\u0639\u0644\u0628-\u0627\u062f\u0631\u0627\u0633-1-1024x768.jpg 1024w, https:\/\/ami.mr\/fr\/wp-content\/uploads\/2024\/08\/\u0645\u0631\u0643\u0632-\u0639\u0644\u0628-\u0627\u062f\u0631\u0627\u0633-1-768x576.jpg 768w, https:\/\/ami.mr\/fr\/wp-content\/uploads\/2024\/08\/\u0645\u0631\u0643\u0632-\u0639\u0644\u0628-\u0627\u062f\u0631\u0627\u0633-1-86x64.jpg 86w, https:\/\/ami.mr\/fr\/wp-content\/uploads\/2024\/08\/\u0645\u0631\u0643\u0632-\u0639\u0644\u0628-\u0627\u062f\u0631\u0627\u0633-1.jpg 1080w\" sizes=\"(max-width: 555px) 100vw, 555px\" \/><\/p>\n<p>&nbsp;<\/p>\n<p>&nbsp;<\/p>\n","protected":false},"excerpt":{"rendered":"<p>L&#8217;Association El Houda pour les \u0153uvres caritatives et humanitaires, sous la supervision de l&#8217;Association caritative kowe\u00eftienne Nafaa, a organis\u00e9, samedi, une journ\u00e9e de sant\u00e9 au niveau de centre El Farouk \u00e0 Elb Adress, relevant de la moughataa de Boutilimit, wilaya du Trarza. Cette journ\u00e9e de sant\u00e9 vise \u00e0 faire b\u00e9n\u00e9ficier le plus grand nombre de [&hellip;]<\/p>\n","protected":false},"author":18,"featured_media":253212,"comment_status":"open","ping_status":"open","sticky":false,"template":"","format":"standard","meta":{"footnotes":""},"categories":[63918,63957,8672],"tags":[],"class_list":["post-253211","post","type-post","status-publish","format-standard","has-post-thumbnail","hentry","category-autres","category-fil-dactualite","category-8672"],"_links":{"self":[{"href":"https:\/\/ami.mr\/fr\/wp-json\/wp\/v2\/posts\/253211","targetHints":{"allow":["GET"]}}],"collection":[{"href":"https:\/\/ami.mr\/fr\/wp-json\/wp\/v2\/posts"}],"about":[{"href":"https:\/\/ami.mr\/fr\/wp-json\/wp\/v2\/types\/post"}],"author":[{"embeddable":true,"href":"https:\/\/ami.mr\/fr\/wp-json\/wp\/v2\/users\/18"}],"replies":[{"embeddable":true,"href":"https:\/\/ami.mr\/fr\/wp-json\/wp\/v2\/comments?post=253211"}],"version-history":[{"count":2,"href":"https:\/\/ami.mr\/fr\/wp-json\/wp\/v2\/posts\/253211\/revisions"}],"predecessor-version":[{"id":253216,"href":"https:\/\/ami.mr\/fr\/wp-json\/wp\/v2\/posts\/253211\/revisions\/253216"}],"wp:featuredmedia":[{"embeddable":true,"href":"https:\/\/ami.mr\/fr\/wp-json\/wp\/v2\/media\/253212"}],"wp:attachment":[{"href":"https:\/\/ami.mr\/fr\/wp-json\/wp\/v2\/media?parent=253211"}],"wp:term":[{"taxonomy":"category","embeddable":true,"href":"https:\/\/ami.mr\/fr\/wp-json\/wp\/v2\/categories?post=253211"},{"taxonomy":"post_tag","embeddable":true,"href":"https:\/\/ami.mr\/fr\/wp-json\/wp\/v2\/tags?post=253211"}],"curies":[{"name":"wp","href":"https:\/\/api.w.org\/{rel}","templated":true}]}}