{"id":253205,"date":"2024-08-31T12:23:28","date_gmt":"2024-08-31T12:23:28","guid":{"rendered":"https:\/\/ami.mr\/fr\/?p=253205"},"modified":"2024-08-31T12:23:28","modified_gmt":"2024-08-31T12:23:28","slug":"lassociation-des-oulemas-adopte-la-charte-de-la-fondation-de-la-famille","status":"publish","type":"post","link":"https:\/\/ami.mr\/fr\/archives\/253205","title":{"rendered":"L\u2019association des oul\u00e9mas adopte la charte de la fondation de la famille"},"content":{"rendered":"<p>Le secr\u00e9taire g\u00e9n\u00e9ral de l&#8217;Association des oul\u00e9mas mauritaniens, Cheikh Ould Saleh, a rencontr\u00e9 vendredi au si\u00e8ge de l&#8217;Association \u00e0 Nouakchott le pr\u00e9sident de l&#8217;Union nationale du patronat mauritanien (UNPM), Mohamed Zeine El Abidine Ould Cheikh Ahmed, pour discuter de la charte de la fondation familiale lanc\u00e9e r\u00e9cemment par l&#8217;Union dans le cadre de ses efforts visant \u00e0 faire face aux ph\u00e9nom\u00e8nes de l&#8217;extravagance et du gaspillage lors des c\u00e9r\u00e9monies de mariages .<\/p>\n<p>Cheikh Ould Saleh a soulign\u00e9 la conformit\u00e9 de la charte de la fondation familiale avec la charia et son approbation par le Conseil des oul\u00e9mas mauritaniens.<\/p>\n<p>Pour sa part, le pr\u00e9sident de l&#8217;Union nationale du patronat mauritanien s&#8217;est engag\u00e9 \u00e0 parrainer le mariage de 50 jeunes avec une dot de 5000 MRU chacun et \u00e0 donner \u00e0 l&#8217;\u00e9poux 95.000 MRU pour subvenir aux besoins de la nouvelle famille.<\/p>\n<p>Il s&#8217;est \u00e9galement engag\u00e9 \u00e0 embaucher ces jeunes dans des institutions priv\u00e9es imm\u00e9diatement apr\u00e8s la c\u00e9r\u00e9monie de mariage, dans le cadre des efforts de l\u2019UNPM visant \u00e0 offrir des opportunit\u00e9s d&#8217;emplois aux jeunes afin de les aider \u00e0 construire un avenir stable.<\/p>\n","protected":false},"excerpt":{"rendered":"<p>Le secr\u00e9taire g\u00e9n\u00e9ral de l&#8217;Association des oul\u00e9mas mauritaniens, Cheikh Ould Saleh, a rencontr\u00e9 vendredi au si\u00e8ge de l&#8217;Association \u00e0 Nouakchott le pr\u00e9sident de l&#8217;Union nationale du patronat mauritanien (UNPM), Mohamed Zeine El Abidine Ould Cheikh Ahmed, pour discuter de la charte de la fondation familiale lanc\u00e9e r\u00e9cemment par l&#8217;Union dans le cadre de ses efforts [&hellip;]<\/p>\n","protected":false},"author":18,"featured_media":253206,"comment_status":"open","ping_status":"open","sticky":false,"template":"","format":"standard","meta":{"footnotes":""},"categories":[63918,63957,63959],"tags":[],"class_list":["post-253205","post","type-post","status-publish","format-standard","has-post-thumbnail","hentry","category-autres","category-fil-dactualite","category-mauritanie"],"_links":{"self":[{"href":"https:\/\/ami.mr\/fr\/wp-json\/wp\/v2\/posts\/253205","targetHints":{"allow":["GET"]}}],"collection":[{"href":"https:\/\/ami.mr\/fr\/wp-json\/wp\/v2\/posts"}],"about":[{"href":"https:\/\/ami.mr\/fr\/wp-json\/wp\/v2\/types\/post"}],"author":[{"embeddable":true,"href":"https:\/\/ami.mr\/fr\/wp-json\/wp\/v2\/users\/18"}],"replies":[{"embeddable":true,"href":"https:\/\/ami.mr\/fr\/wp-json\/wp\/v2\/comments?post=253205"}],"version-history":[{"count":1,"href":"https:\/\/ami.mr\/fr\/wp-json\/wp\/v2\/posts\/253205\/revisions"}],"predecessor-version":[{"id":253207,"href":"https:\/\/ami.mr\/fr\/wp-json\/wp\/v2\/posts\/253205\/revisions\/253207"}],"wp:featuredmedia":[{"embeddable":true,"href":"https:\/\/ami.mr\/fr\/wp-json\/wp\/v2\/media\/253206"}],"wp:attachment":[{"href":"https:\/\/ami.mr\/fr\/wp-json\/wp\/v2\/media?parent=253205"}],"wp:term":[{"taxonomy":"category","embeddable":true,"href":"https:\/\/ami.mr\/fr\/wp-json\/wp\/v2\/categories?post=253205"},{"taxonomy":"post_tag","embeddable":true,"href":"https:\/\/ami.mr\/fr\/wp-json\/wp\/v2\/tags?post=253205"}],"curies":[{"name":"wp","href":"https:\/\/api.w.org\/{rel}","templated":true}]}}